{"id":39408,"date":"2022-03-31T06:53:44","date_gmt":"2022-03-31T12:53:44","guid":{"rendered":"http:\/\/www.zonaroja.com.mx\/?p=39408"},"modified":"2022-03-31T06:53:46","modified_gmt":"2022-03-31T12:53:46","slug":"acuerda-congreso-que-comparezcan-funcionarios-por-despojo-de-propiedades","status":"publish","type":"post","link":"https:\/\/zonaroja.com.mx\/?p=39408","title":{"rendered":"Acuerda Congreso que comparezcan funcionarios, por despojo de propiedades"},"content":{"rendered":"\n<p>Redacci\u00f3n\/Zona Roja.<\/p>\n\n\n\n<p>Oaxaca de Ju\u00e1rez, Oax. 31 de marzo de 2022.- El pleno del Congreso local citar\u00e1 a comparecencia al fiscal General de Oaxaca, Arturo de Jes\u00fas Peimbert Calvo, y a los servidores p\u00fablicos se\u00f1alados en denuncias por la supuesta comisi\u00f3n de los delitos de suplantaci\u00f3n e intento de despojo de propiedades.<\/p>\n\n\n\n<p>Ello para que expliquen de manera detallada las acciones y medidas tomadas por la Fiscal\u00eda respecto a la denuncia que interpuso la familia Conzatti, quien se\u00f1ala el robo de su identidad presuntamente por servidores del gobierno estatal.<\/p>\n\n\n\n<p>En este caso, hay se\u00f1alamientos en contra de servidores p\u00fablicos del Registro Civil, del Registro P\u00fablico de la Propiedad, del Instituto Catastral del Estado de Oaxaca y de la Direcci\u00f3n General de Notar\u00edas, por los delitos mencionados.<\/p>\n\n\n\n<p>Al respecto, la diputada Laura Estrada Mauro, presidenta de la Junta de Coordinaci\u00f3n Pol\u00edtica (Jucopo), precis\u00f3 que en los \u00faltimos meses han incrementado los casos de despojo, por lo que pedir\u00e1n la comparecencia de todos los servidores p\u00fablicos involucrados en este asunto, con la finalidad de que se imparta una justicia amplia.&nbsp;<\/p>\n\n\n\n<p>Pidi\u00f3 tambi\u00e9n que el gobernador Alejandro Murat atienda esta situaci\u00f3n y ponga orden en estos servidores p\u00fablicos.&nbsp;<\/p>\n\n\n\n<p>De igual manera, la legisladora Antonia Natividad D\u00edaz Jim\u00e9nez destac\u00f3 que en sociedades democr\u00e1ticas como en el caso de Oaxaca, las personas toleran cada vez menos la mala administraci\u00f3n dolosa cuando un servidor p\u00fablico utiliza sus facultades y atribuciones para su beneficio privado o para un tercero, todo ello en perjuicio de la ciudadan\u00eda.<\/p>\n\n\n\n<p>Indic\u00f3 que, en los casos de despojo, la inacci\u00f3n del Fiscal a pesar de las denuncias presentadas, impide que los ciudadanos afectados tengan un acceso efectivo a la justicia.<\/p>\n\n\n\n<p>Asimismo, la diputada Eva Diego Cruz agreg\u00f3 que es inadmisible que funcionarios p\u00fablicos est\u00e9n involucrados en casos de despojo, por lo que dar\u00e1n seguimiento hasta que se imparta justicia.<\/p>\n\n\n\n<p>Con 27 votos a favor, fue aprobado este punto de acuerdo por el Pleno de la 65 Legislatura local en la sesi\u00f3n ordinaria de este 30 de marzo.<\/p>\n","protected":false},"excerpt":{"rendered":"<p>Redacci\u00f3n\/Zona Roja. Oaxaca de Ju\u00e1rez, Oax. 31 de marzo de 2022.- El pleno del Congreso&hellip;<\/p>\n","protected":false},"author":2,"featured_media":39409,"comment_status":"closed","ping_status":"open","sticky":false,"template":"","format":"standard","meta":{"_lmt_disableupdate":"","_lmt_disable":"","_jetpack_memberships_contains_paid_content":false,"footnotes":""},"categories":[109,47],"tags":[2743],"class_list":["post-39408","post","type-post","status-publish","format-standard","has-post-thumbnail","hentry","category-minuto-a-minuto","category-zona-gris","tag-65-legislatura-del-estado-de-oaxaca"],"jetpack_featured_media_url":"https:\/\/zonaroja.com.mx\/wp-content\/uploads\/2022\/03\/Sesion-virtual-Congreso-Oaxaca.jpg","jetpack_sharing_enabled":true,"_links":{"self":[{"href":"https:\/\/zonaroja.com.mx\/index.php?rest_route=\/wp\/v2\/posts\/39408","targetHints":{"allow":["GET"]}}],"collection":[{"href":"https:\/\/zonaroja.com.mx\/index.php?rest_route=\/wp\/v2\/posts"}],"about":[{"href":"https:\/\/zonaroja.com.mx\/index.php?rest_route=\/wp\/v2\/types\/post"}],"author":[{"embeddable":true,"href":"https:\/\/zonaroja.com.mx\/index.php?rest_route=\/wp\/v2\/users\/2"}],"replies":[{"embeddable":true,"href":"https:\/\/zonaroja.com.mx\/index.php?rest_route=%2Fwp%2Fv2%2Fcomments&post=39408"}],"version-history":[{"count":1,"href":"https:\/\/zonaroja.com.mx\/index.php?rest_route=\/wp\/v2\/posts\/39408\/revisions"}],"predecessor-version":[{"id":39410,"href":"https:\/\/zonaroja.com.mx\/index.php?rest_route=\/wp\/v2\/posts\/39408\/revisions\/39410"}],"wp:featuredmedia":[{"embeddable":true,"href":"https:\/\/zonaroja.com.mx\/index.php?rest_route=\/wp\/v2\/media\/39409"}],"wp:attachment":[{"href":"https:\/\/zonaroja.com.mx\/index.php?rest_route=%2Fwp%2Fv2%2Fmedia&parent=39408"}],"wp:term":[{"taxonomy":"category","embeddable":true,"href":"https:\/\/zonaroja.com.mx\/index.php?rest_route=%2Fwp%2Fv2%2Fcategories&post=39408"},{"taxonomy":"post_tag","embeddable":true,"href":"https:\/\/zonaroja.com.mx\/index.php?rest_route=%2Fwp%2Fv2%2Ftags&post=39408"}],"curies":[{"name":"wp","href":"https:\/\/api.w.org\/{rel}","templated":true}]}}