{"id":39411,"date":"2022-03-31T11:25:00","date_gmt":"2022-03-31T17:25:00","guid":{"rendered":"http:\/\/www.zonaroja.com.mx\/?p=39411"},"modified":"2022-03-31T07:32:52","modified_gmt":"2022-03-31T13:32:52","slug":"caldo-de-piedra-orgullo-de-oaxaca-en-la-lente-de-netflix","status":"publish","type":"post","link":"https:\/\/zonaroja.com.mx\/?p=39411","title":{"rendered":"Caldo de piedra, orgullo de Oaxaca, en la lente de Netflix"},"content":{"rendered":"\n<p>Yuridiana Sosa\/ Zona Roja<\/p>\n\n\n\n<p>Oaxaca de Ju\u00e1rez, Oax., 31 de marzo de 2022.-El inigualable caldo de piedra, de San Felipe Usila, en la Cuenca del Papaloapan, rob\u00f3 la atenci\u00f3n de la empresa de entretenimiento Netflix, quien visit\u00f3 este municipio ind\u00edgena chinanteco para grabar su cultura y tradici\u00f3n.<\/p>\n\n\n\n<p>De acuerdo con el perfil \u201cRegi\u00f3n del Alto Papaloapan Oaxaca M\u00e9xico\u201d, dedicado a la difusi\u00f3n de la cultura en esta regi\u00f3n de Oaxaca, en d\u00edas pasados lleg\u00f3 a Usila el equipo de esta compa\u00f1\u00eda internacional para realizar un trabajo especial sobre este platillo, \u00fanico en M\u00e9xico.<\/p>\n\n\n\n<p>El caldo de piedra fue declarado Patrimonio Cultural Intangible del Estado de Oaxaca, en abril del 2021 por el Congreso del Estado.<\/p>\n\n\n\n<p>Los trabajos por parte de Netflix tambi\u00e9n fueron mostrados por la familia del Rancho \u201cDon Jil\u201d, donde se realiz\u00f3 la grabaci\u00f3n, que apunt\u00f3 que desde varios a\u00f1os no s\u00f3lo se han concentrado en prepararlo, si no se dieron a la tarea de investigar con los abuelos y personas de edad avanzada de la comunidad para descubrir y escribir el proceso que ha tenido el famoso platillo.<\/p>\n\n\n\n<p>\u201cEstamos haciendo esta labor cultural de dejar plasmado en la pr\u00e1ctica y en letras la historia que guarda el Caldo de Piedra en tierra chinanteca. Pr\u00f3ximamente se har\u00e1 extensa esta labor como debe de ser con la responsabilidad y el compromiso de siempre\u201d, difundi\u00f3 la familia en un mensaje con im\u00e1genes sobre la grabaci\u00f3n.<\/p>\n\n\n\n<figure class=\"wp-block-image size-full\"><a href=\"http:\/\/www.zonaroja.com.mx\/wp-content\/uploads\/2022\/03\/Caldo-de-piedra-2.jpg\" data-rel=\"penci-gallery-image-content\" ><img decoding=\"async\" width=\"960\" height=\"540\" src=\"http:\/\/www.zonaroja.com.mx\/wp-content\/uploads\/2022\/03\/Caldo-de-piedra-2.jpg\" alt=\"\" class=\"wp-image-39413\" srcset=\"https:\/\/zonaroja.com.mx\/wp-content\/uploads\/2022\/03\/Caldo-de-piedra-2.jpg 960w, https:\/\/zonaroja.com.mx\/wp-content\/uploads\/2022\/03\/Caldo-de-piedra-2-300x169.jpg 300w, https:\/\/zonaroja.com.mx\/wp-content\/uploads\/2022\/03\/Caldo-de-piedra-2-768x432.jpg 768w, https:\/\/zonaroja.com.mx\/wp-content\/uploads\/2022\/03\/Caldo-de-piedra-2-585x329.jpg 585w\" sizes=\"(max-width: 960px) 100vw, 960px\" \/><\/a><\/figure>\n\n\n\n<p>La preparaci\u00f3n del caldo de piedra es a orilla del r\u00edo, es todo un ritual por cumplir al pie de la letra para alcanzar la exquisitez; una cocina improvisada a pie de las aguas del r\u00edo Grande, en la Cuenca, ocupando piedras calientes para la cocci\u00f3n, despierta la curiosidad.<\/p>\n\n\n\n<p>La tradicional comida es \u00fanica de la etnia chinanteca, en lo alto del Papaloapan, donde San Felipe Usila guarda con honor la receta que ha pasado de generaci\u00f3n en generaci\u00f3n, con el recuerdo de que era en momentos de la pesca cuando realizan este platillo que al paso del tiempo se volvi\u00f3 en un manjar de importantes celebraciones.<\/p>\n\n\n\n<p>Pescado o camar\u00f3n son los mariscos comunes que se ocupan, atrapados hace muchos a\u00f1os del propio r\u00edo.<\/p>\n\n\n\n<p>La selecci\u00f3n de piedras es importante, las cuales son calentadas en le\u00f1a para despu\u00e9s depositarlas en la j\u00edcara que sirve como olla y plato; es al calor de las piedras que los mariscos se cuecen y el sabor de los ingredientes se funden en la vasija natural. Tomate, cebolla, ajo, sal y epazote son parte de la fiesta del sabor.<\/p>\n","protected":false},"excerpt":{"rendered":"<p>Yuridiana Sosa\/ Zona Roja Oaxaca de Ju\u00e1rez, Oax., 31 de marzo de 2022.-El inigualable caldo&hellip;<\/p>\n","protected":false},"author":2,"featured_media":39412,"comment_status":"closed","ping_status":"open","sticky":false,"template":"","format":"standard","meta":{"_lmt_disableupdate":"","_lmt_disable":"","_jetpack_memberships_contains_paid_content":false,"footnotes":""},"categories":[109,46],"tags":[1937],"class_list":["post-39411","post","type-post","status-publish","format-standard","has-post-thumbnail","hentry","category-minuto-a-minuto","category-zona-blanca","tag-san-felipe-usila"],"jetpack_featured_media_url":"https:\/\/zonaroja.com.mx\/wp-content\/uploads\/2022\/03\/Caldo-de-piedra-1.jpg","jetpack_sharing_enabled":true,"_links":{"self":[{"href":"https:\/\/zonaroja.com.mx\/index.php?rest_route=\/wp\/v2\/posts\/39411","targetHints":{"allow":["GET"]}}],"collection":[{"href":"https:\/\/zonaroja.com.mx\/index.php?rest_route=\/wp\/v2\/posts"}],"about":[{"href":"https:\/\/zonaroja.com.mx\/index.php?rest_route=\/wp\/v2\/types\/post"}],"author":[{"embeddable":true,"href":"https:\/\/zonaroja.com.mx\/index.php?rest_route=\/wp\/v2\/users\/2"}],"replies":[{"embeddable":true,"href":"https:\/\/zonaroja.com.mx\/index.php?rest_route=%2Fwp%2Fv2%2Fcomments&post=39411"}],"version-history":[{"count":1,"href":"https:\/\/zonaroja.com.mx\/index.php?rest_route=\/wp\/v2\/posts\/39411\/revisions"}],"predecessor-version":[{"id":39414,"href":"https:\/\/zonaroja.com.mx\/index.php?rest_route=\/wp\/v2\/posts\/39411\/revisions\/39414"}],"wp:featuredmedia":[{"embeddable":true,"href":"https:\/\/zonaroja.com.mx\/index.php?rest_route=\/wp\/v2\/media\/39412"}],"wp:attachment":[{"href":"https:\/\/zonaroja.com.mx\/index.php?rest_route=%2Fwp%2Fv2%2Fmedia&parent=39411"}],"wp:term":[{"taxonomy":"category","embeddable":true,"href":"https:\/\/zonaroja.com.mx\/index.php?rest_route=%2Fwp%2Fv2%2Fcategories&post=39411"},{"taxonomy":"post_tag","embeddable":true,"href":"https:\/\/zonaroja.com.mx\/index.php?rest_route=%2Fwp%2Fv2%2Ftags&post=39411"}],"curies":[{"name":"wp","href":"https:\/\/api.w.org\/{rel}","templated":true}]}}