{"id":39426,"date":"2022-03-31T08:27:52","date_gmt":"2022-03-31T14:27:52","guid":{"rendered":"http:\/\/www.zonaroja.com.mx\/?p=39426"},"modified":"2022-03-31T08:27:53","modified_gmt":"2022-03-31T14:27:53","slug":"no-hay-dia-que-no-llegue-ni-plazo-que-no-se-cumpla-susana-harp","status":"publish","type":"post","link":"https:\/\/zonaroja.com.mx\/?p=39426","title":{"rendered":"\u201cNo hay d\u00eda que no llegue ni plazo que no se cumpla\u201d: Susana Harp"},"content":{"rendered":"\n<p>Ismael Garc\u00eda M.\/Zona Roja.<\/p>\n\n\n\n<p>Oaxaca de Ju\u00e1rez, Oax., 31 de marzo de 2022.- Tras la decisi\u00f3n que favorece a Salom\u00f3n Jara Cruz, la senadora Susana Harp Iturribarr\u00eda critic\u00f3 la determinaci\u00f3n del Tribunal Electoral del Poder Judicial de la Federaci\u00f3n (TEPJF) respecto a la gubernatura de Oaxaca:<\/p>\n\n\n\n<p>\u201cAs\u00ed la justicia \u2018pronta y expedita\u2019. Conclusi\u00f3n: en lo indivudual, tienes raz\u00f3n pero espera 6 a\u00f1os; en lo colectivo: un triunfo logrado en 3 duros meses que abrieron surco para las mujeres que competir\u00e1n en un futuro con reglas claras y paridad sustantiva por las gubernaturas\u201d, expuso en su cuenta de redes sociales.<\/p>\n\n\n\n<p>Y es que anoche, luego de m\u00e1s de una hora de exposiciones, por cinco votos a favor y dos en contra, el pleno del TEPJF desech\u00f3 los argumentos en las impugnaciones de la senadora por Morena.<\/p>\n\n\n\n<p>\u201cEsta ha sido una lucha por todas nosotras. Hoy se logr\u00f3 una victoria colectiva; aunque es grave que tengamos que esperar, pero no hay d\u00eda que no llegue ni plazo que no se cumpla\u201d, detall\u00f3 anoche.<\/p>\n\n\n\n<figure class=\"wp-block-embed is-type-rich is-provider-twitter wp-block-embed-twitter\"><div class=\"wp-block-embed__wrapper\">\n<div class=\"twitter-tweet\"><blockquote class=\"twitter-tweet\" data-lang=\"es\"><p lang=\"es\" dir=\"ltr\">Esta lucha ha sido por todas nosotras. Hoy se logr\u00f3 una victoria colectiva; aunque es grave que tengamos que esperar, pero no hay d\u00eda que no llegue ni plazo que no se cumpla.<\/p>&mdash; Susana Harp Iturribarr\u00eda (@SusanaHarp) <a href=\"https:\/\/twitter.com\/SusanaHarp\/status\/1509403907772063744?ref_src=twsrc%5Etfw\">31 de marzo de 2022<\/a><\/blockquote><\/div>\n<\/div><\/figure>\n\n\n\n<p>Hasta el momento la Susana Harp no ha precisado si apoyar\u00e1 la campa\u00f1a de Salom\u00f3n Jara a la gubernatura de Oaxaca o continuar\u00e1 con sus actividades en el Senado de la Rep\u00fablica.<\/p>\n\n\n\n<p>La determinaci\u00f3n del Tribunal Electoral del Poder Judicial de la Federaci\u00f3n es la definitiva respecto a las impugnaciones presentadas por la determinaci\u00f3n del Partido Morena en las candidaturas.<\/p>\n\n\n\n<p>Anoche tambi\u00e9n desech\u00f3 las impugnaciones expuestas por el ex aspirante Alberto Esteva Salinas, quien esta ma\u00f1ana difundi\u00f3:<\/p>\n\n\n\n<p>\u201cComo anticip\u00e9, no participar\u00e9 en la campa\u00f1a ni aceptar\u00e9 ning\u00fan cargo. Seguir\u00e9 participando\u00a0con voz cr\u00edtica y apoyando a Marcelo Ebrard para la candidatura a la Presidencia de la Rep\u00fablica\u00bb.<\/p>\n","protected":false},"excerpt":{"rendered":"<p>Ismael Garc\u00eda M.\/Zona Roja. Oaxaca de Ju\u00e1rez, Oax., 31 de marzo de 2022.- Tras la&hellip;<\/p>\n","protected":false},"author":2,"featured_media":30471,"comment_status":"closed","ping_status":"open","sticky":false,"template":"","format":"standard","meta":{"_lmt_disableupdate":"","_lmt_disable":"","_jetpack_memberships_contains_paid_content":false,"footnotes":""},"categories":[109,46],"tags":[1685],"class_list":["post-39426","post","type-post","status-publish","format-standard","has-post-thumbnail","hentry","category-minuto-a-minuto","category-zona-blanca","tag-susana-harp-iturribarria"],"jetpack_featured_media_url":"https:\/\/zonaroja.com.mx\/wp-content\/uploads\/2021\/08\/img_2938.jpg","jetpack_sharing_enabled":true,"_links":{"self":[{"href":"https:\/\/zonaroja.com.mx\/index.php?rest_route=\/wp\/v2\/posts\/39426","targetHints":{"allow":["GET"]}}],"collection":[{"href":"https:\/\/zonaroja.com.mx\/index.php?rest_route=\/wp\/v2\/posts"}],"about":[{"href":"https:\/\/zonaroja.com.mx\/index.php?rest_route=\/wp\/v2\/types\/post"}],"author":[{"embeddable":true,"href":"https:\/\/zonaroja.com.mx\/index.php?rest_route=\/wp\/v2\/users\/2"}],"replies":[{"embeddable":true,"href":"https:\/\/zonaroja.com.mx\/index.php?rest_route=%2Fwp%2Fv2%2Fcomments&post=39426"}],"version-history":[{"count":1,"href":"https:\/\/zonaroja.com.mx\/index.php?rest_route=\/wp\/v2\/posts\/39426\/revisions"}],"predecessor-version":[{"id":39427,"href":"https:\/\/zonaroja.com.mx\/index.php?rest_route=\/wp\/v2\/posts\/39426\/revisions\/39427"}],"wp:featuredmedia":[{"embeddable":true,"href":"https:\/\/zonaroja.com.mx\/index.php?rest_route=\/wp\/v2\/media\/30471"}],"wp:attachment":[{"href":"https:\/\/zonaroja.com.mx\/index.php?rest_route=%2Fwp%2Fv2%2Fmedia&parent=39426"}],"wp:term":[{"taxonomy":"category","embeddable":true,"href":"https:\/\/zonaroja.com.mx\/index.php?rest_route=%2Fwp%2Fv2%2Fcategories&post=39426"},{"taxonomy":"post_tag","embeddable":true,"href":"https:\/\/zonaroja.com.mx\/index.php?rest_route=%2Fwp%2Fv2%2Ftags&post=39426"}],"curies":[{"name":"wp","href":"https:\/\/api.w.org\/{rel}","templated":true}]}}