{"id":3943,"date":"2019-09-13T20:45:22","date_gmt":"2019-09-14T01:45:22","guid":{"rendered":"http:\/\/www.zonaroja.com.mx\/?p=3943"},"modified":"2019-09-13T20:45:26","modified_gmt":"2019-09-14T01:45:26","slug":"realizaran-manana-tercer-concierto-por-la-paz-en-basurero-de-zaachila","status":"publish","type":"post","link":"https:\/\/zonaroja.com.mx\/?p=3943","title":{"rendered":"Realizar\u00e1n ma\u00f1ana tercer Concierto por La Paz en basurero de Zaachila"},"content":{"rendered":"\n<p>Evlin\nArag\u00f3n\/ <\/p>\n\n\n\n<p>Oaxaca de Ju\u00e1rez,\nOax., 13 de septiembre de 2019.- Este s\u00e1bado 14 de septiembre se llevar\u00e1 a cabo\nel tercer Concierto por la Paz, en inmediaciones del tiradero de la zona\noriente de la Villa de Zaachila, como parte de la iniciativa para reconstruir\nel tejido social y comunitario que se vio afectado en el 2016 con un conflicto\nentre la poblaci\u00f3n y un grupo de transportistas. <\/p>\n\n\n\n<p>El recital\ntendr\u00e1 como presentaci\u00f3n estelar el repertorio de la Orquesta Sinf\u00f3nica\nInfantil y Juvenil \u201cSanta Cecilia\u201d, que en esta ocasi\u00f3n tendr\u00e1 como director\ninvitado al pianista Panos Karan y el acompa\u00f1amiento en flauta de Yann Le\nCorre. <\/p>\n\n\n\n<p>As\u00ed mismo,\ncontar\u00e1 con la participaci\u00f3n de los grupos \u201cSadboy\u2019s\u201d y \u201cLos Pream\u201d, estos\n\u00faltimos m\u00fasicos de Santa Mar\u00eda Tlahuiltoltepec, adem\u00e1s de la Pastoral de Sordos\nque interpretar\u00e1 el Himno a la Alegr\u00eda en lengua de se\u00f1as para el deleite de\nlas y los presentes, en el concierto que iniciar\u00e1 en punto de las 16:00 horas\ncon acceso gratuito.<\/p>\n\n\n\n<p>Una de las\nreflexiones importantes de este proyecto musical que se lleva a cabo en la zona,\nes propiciar la concientizaci\u00f3n sobre el manejo de los deshechos en la\ncapital,&nbsp; pues a decir de quienes\nintegran la escuela \u201cmientras la gente en la ciudad nos manda lo que ya no\nquiere &#8211;la basura&#8211;, nosotros les devolvemos arte\u201d. <\/p>\n\n\n\n<p>En este\ncontexto, ni\u00f1as, ni\u00f1os&nbsp; y j\u00f3venes de la\nzona que integran la orquesta \u201cSanta Cecilia\u201d, manifiestan el compromiso de\ncontinuar con los procesos de construcci\u00f3n del tejido social a pesar de los\ncondiciones desfavorables que imperan en esta parte de Oaxaca.<\/p>\n\n\n\n<p>Previo al\ntercer Concierto por La Paz, este jueves 12 de septiembre se llev\u00f3 a cabo un\nrecital en el teatro \u201cMacedonio Alcal\u00e1\u201d, con la presencia de Panos Karan y la\norquesta del vertedero, el cual fue en beneficio de las y los integrantes de la\nEscuela de Iniciaci\u00f3n Musical \u201cSanta Cecilia\u201d.<\/p>\n\n\n\n<p>De acuerdo\ncon datos de la organizaci\u00f3n Sikanda, el tiradero recibe aproximadamente mil\ntoneladas de desechos diariamente, provenientes de 22 municipios conurbados a\nla capital del Oaxaca.<\/p>\n\n\n\n<p>En la zona\naleda\u00f1a al basurero habitan, estudian y trabajan m\u00e1s de 17 mil personas, cerca\ndel 30 por ciento de estas son adolescentes y j\u00f3venes lo que hace que proyectos\ncomo la Escuela de Iniciaci\u00f3n Musical, entre otros que se desarrollan en el\nlugar, tengan un impacto significativo y de ah\u00ed la importancia de respaldarlos.<\/p>\n","protected":false},"excerpt":{"rendered":"<p>Evlin Arag\u00f3n\/ Oaxaca de Ju\u00e1rez, Oax., 13 de septiembre de 2019.- Este s\u00e1bado 14 de&hellip;<\/p>\n","protected":false},"author":2,"featured_media":3945,"comment_status":"closed","ping_status":"open","sticky":false,"template":"","format":"standard","meta":{"_lmt_disableupdate":"","_lmt_disable":"","_jetpack_memberships_contains_paid_content":false,"footnotes":""},"categories":[109,1,46],"tags":[706],"class_list":["post-3943","post","type-post","status-publish","format-standard","has-post-thumbnail","hentry","category-minuto-a-minuto","category-sin-categoria","category-zona-blanca","tag-banda-santa-cecilia-zaachila"],"jetpack_featured_media_url":"https:\/\/zonaroja.com.mx\/wp-content\/uploads\/2019\/09\/Banda-Santa-Cecilia.jpg","jetpack_sharing_enabled":true,"_links":{"self":[{"href":"https:\/\/zonaroja.com.mx\/index.php?rest_route=\/wp\/v2\/posts\/3943","targetHints":{"allow":["GET"]}}],"collection":[{"href":"https:\/\/zonaroja.com.mx\/index.php?rest_route=\/wp\/v2\/posts"}],"about":[{"href":"https:\/\/zonaroja.com.mx\/index.php?rest_route=\/wp\/v2\/types\/post"}],"author":[{"embeddable":true,"href":"https:\/\/zonaroja.com.mx\/index.php?rest_route=\/wp\/v2\/users\/2"}],"replies":[{"embeddable":true,"href":"https:\/\/zonaroja.com.mx\/index.php?rest_route=%2Fwp%2Fv2%2Fcomments&post=3943"}],"version-history":[{"count":1,"href":"https:\/\/zonaroja.com.mx\/index.php?rest_route=\/wp\/v2\/posts\/3943\/revisions"}],"predecessor-version":[{"id":3944,"href":"https:\/\/zonaroja.com.mx\/index.php?rest_route=\/wp\/v2\/posts\/3943\/revisions\/3944"}],"wp:featuredmedia":[{"embeddable":true,"href":"https:\/\/zonaroja.com.mx\/index.php?rest_route=\/wp\/v2\/media\/3945"}],"wp:attachment":[{"href":"https:\/\/zonaroja.com.mx\/index.php?rest_route=%2Fwp%2Fv2%2Fmedia&parent=3943"}],"wp:term":[{"taxonomy":"category","embeddable":true,"href":"https:\/\/zonaroja.com.mx\/index.php?rest_route=%2Fwp%2Fv2%2Fcategories&post=3943"},{"taxonomy":"post_tag","embeddable":true,"href":"https:\/\/zonaroja.com.mx\/index.php?rest_route=%2Fwp%2Fv2%2Ftags&post=3943"}],"curies":[{"name":"wp","href":"https:\/\/api.w.org\/{rel}","templated":true}]}}