{"id":39431,"date":"2022-03-31T15:12:15","date_gmt":"2022-03-31T21:12:15","guid":{"rendered":"https:\/\/www.zonaroja.com.mx\/?p=39431"},"modified":"2022-03-31T15:12:16","modified_gmt":"2022-03-31T21:12:16","slug":"con-amplia-experiencia-politica-coordinador-de-campana-marco-antonio-hernandez","status":"publish","type":"post","link":"https:\/\/zonaroja.com.mx\/?p=39431","title":{"rendered":"Con amplia experiencia pol\u00edtica, coordinador de campa\u00f1a Marco Antonio Hern\u00e1ndez"},"content":{"rendered":"\n<p>Redacci\u00f3n\/Zona Roja.&nbsp;<\/p>\n\n\n\n<p>Oaxaca de Ju\u00e1rez, Oax., 31 de marzo de 2022.- El pol\u00edtico oaxaque\u00f1o Marco Antonio Hern\u00e1ndez Cuevas fue nombrado hoy &nbsp;como coordinador de campa\u00f1a del candidato del PRI a la gubernatura del estado, Alejandro Avil\u00e9s \u00c1lvarez (AAA).<\/p>\n\n\n\n<p>El tambi\u00e9n excatedr\u00e1tico de la UABJO, naci\u00f3 en la ciudad de Oaxaca en 1975 y desde su juventud se ha desempe\u00f1ado en cargos p\u00fablicos dentro y fuera de la entidad, en donde han sido aplaudido y reconocido por todos los resultados que ha obtenido.<\/p>\n\n\n\n<p>Inici\u00f3 su trayectoria pol\u00edtica como Jefe del Departamento de Informaci\u00f3n Pol\u00edtica de la Coordinaci\u00f3n de Delgaciones del Gobierno del Estado de Oaxaca; fue tambi\u00e9n Director de Investigaci\u00f3n y Desarrollo del Instituto de Desarrollo Municipal &nbsp;(IDEMUN).<\/p>\n\n\n\n<p>Con gran experiencia en el \u00e1mbito pol\u00edtico-electoral, Hern\u00e1ndez Cuevas fue tambi\u00e9n coordinador de campa\u00f1a del senador Ra\u00fal Bola\u00f1os Cacho Cu\u00e9, adem\u00e1s de dos veces diputado local. Se caracteriz\u00f3 por sus seis a\u00f1os de trabajo como representante legislativo en el IEEPCO.<\/p>\n\n\n\n<p>Se desempe\u00f1\u00f3 tambi\u00e9n como catedr\u00e1tico de la Universidad Aut\u00f3noma \u00abBenito Ju\u00e1rez\u00bb de Oaxaca (UABJO) y fue subdirector del Instituto Oaxaque\u00f1o de atenci\u00f3n al Migrante del Estado. A su extenso curr\u00edculo se suma haber sido presidente del Frente Juvenil Revolucionario del PRI.<\/p>\n\n\n\n<p>Fue presidente juvenil del Instituto de Capacitaci\u00f3n y Desarrollo Pol\u00edtico (ICADEP), ahora Instituto Reyes Heroles del PRI, en donde se han forjado pol\u00edticos, j\u00f3venes responsables, comprometidos con el partido, conocedores de la realidad del pa\u00eds, creadores de propuestas, atentos a la ciudadan\u00eda y en constante capacitaci\u00f3n para cada vez ser mejores.<\/p>\n\n\n\n<p>A su trayectoria pol\u00edtica-laboral se suma el cargo de subdirector en el antes Instituto de Protecci\u00f3n Civil en el Estado de Oaxaca, en donde fue reconocido por sus resultados; mientras que del 2016 al 2018 fue Gerente Estatal de Liconsa.<\/p>\n\n\n\n<p>En tanto del 2019 al 2022, Hern\u00e1ndez Cuevas fue director del Instituto de Capacitaci\u00f3n y de Productividad para el Trabajo del Estado de Oaxaca (ICAPET), el \u00faltimo cargo que desempe\u00f1\u00f3 fue como Coordinador General de Atenci\u00f3n Regional, en donde dio resultados en favor de las y los oaxaque\u00f1os.<\/p>\n\n\n\n<p>Hoy, el candidato del PRI a la gubernatura de Oaxaca, Alejandro Avil\u00e9s \u00c1lvarez y el propio partido, ha depositado su confianza en \u00e9l para nombrarlo coordinador de campa\u00f1a, en donde el priismo oaxaque\u00f1o conf\u00eda en el buen papel que realizar\u00e1.<\/p>\n","protected":false},"excerpt":{"rendered":"<p>Redacci\u00f3n\/Zona Roja.&nbsp; Oaxaca de Ju\u00e1rez, Oax., 31 de marzo de 2022.- El pol\u00edtico oaxaque\u00f1o Marco&hellip;<\/p>\n","protected":false},"author":2,"featured_media":39430,"comment_status":"closed","ping_status":"open","sticky":false,"template":"","format":"standard","meta":{"_lmt_disableupdate":"","_lmt_disable":"","_jetpack_memberships_contains_paid_content":false,"footnotes":""},"categories":[109,46],"tags":[],"class_list":["post-39431","post","type-post","status-publish","format-standard","has-post-thumbnail","hentry","category-minuto-a-minuto","category-zona-blanca"],"jetpack_featured_media_url":"https:\/\/zonaroja.com.mx\/wp-content\/uploads\/2022\/03\/img_5619.jpg","jetpack_sharing_enabled":true,"_links":{"self":[{"href":"https:\/\/zonaroja.com.mx\/index.php?rest_route=\/wp\/v2\/posts\/39431","targetHints":{"allow":["GET"]}}],"collection":[{"href":"https:\/\/zonaroja.com.mx\/index.php?rest_route=\/wp\/v2\/posts"}],"about":[{"href":"https:\/\/zonaroja.com.mx\/index.php?rest_route=\/wp\/v2\/types\/post"}],"author":[{"embeddable":true,"href":"https:\/\/zonaroja.com.mx\/index.php?rest_route=\/wp\/v2\/users\/2"}],"replies":[{"embeddable":true,"href":"https:\/\/zonaroja.com.mx\/index.php?rest_route=%2Fwp%2Fv2%2Fcomments&post=39431"}],"version-history":[{"count":1,"href":"https:\/\/zonaroja.com.mx\/index.php?rest_route=\/wp\/v2\/posts\/39431\/revisions"}],"predecessor-version":[{"id":39432,"href":"https:\/\/zonaroja.com.mx\/index.php?rest_route=\/wp\/v2\/posts\/39431\/revisions\/39432"}],"wp:featuredmedia":[{"embeddable":true,"href":"https:\/\/zonaroja.com.mx\/index.php?rest_route=\/wp\/v2\/media\/39430"}],"wp:attachment":[{"href":"https:\/\/zonaroja.com.mx\/index.php?rest_route=%2Fwp%2Fv2%2Fmedia&parent=39431"}],"wp:term":[{"taxonomy":"category","embeddable":true,"href":"https:\/\/zonaroja.com.mx\/index.php?rest_route=%2Fwp%2Fv2%2Fcategories&post=39431"},{"taxonomy":"post_tag","embeddable":true,"href":"https:\/\/zonaroja.com.mx\/index.php?rest_route=%2Fwp%2Fv2%2Ftags&post=39431"}],"curies":[{"name":"wp","href":"https:\/\/api.w.org\/{rel}","templated":true}]}}