{"id":39433,"date":"2022-03-31T20:31:19","date_gmt":"2022-04-01T02:31:19","guid":{"rendered":"http:\/\/www.zonaroja.com.mx\/?p=39433"},"modified":"2022-03-31T20:31:21","modified_gmt":"2022-04-01T02:31:21","slug":"registra-oaxaca-cuatro-ejecutados-en-municipios-gobernados-por-morenistas","status":"publish","type":"post","link":"https:\/\/zonaroja.com.mx\/?p=39433","title":{"rendered":"Registra Oaxaca cuatro ejecutados en municipios gobernados por morenistas"},"content":{"rendered":"\n<p>Ismael Garc\u00eda M.\/Zona Roja.<\/p>\n\n\n\n<p>Oaxaca de Ju\u00e1rez, Oax., 31 de marzo de 2021.- Cuatro personas fueron ejecutadas a balazos este jueves en municipios de Oaxaca gobernados por ediles surgidos del Partido Morena.<\/p>\n\n\n\n<p>En Oaxaca de Ju\u00e1rez, cuyo presidente municipal es Francisco Mart\u00ednez Neri, la tarde de hoy en la calle Linderos de la colonia El Arenal, en la agencia de Cinco Se\u00f1ores, sujetos armados dispararon a la cabeza y asesinaron a un individuo.<\/p>\n\n\n\n<p>La v\u00edctima fue identificada como Jos\u00e9 Luis M., de aproximadamente 41 a\u00f1os de edad, de manera preliminar se dijo que originario de Santa Mar\u00eda Tlahuitoltepec Mixe; su esposa se hallaba junto a \u00e9l cuando fue ultimado.<\/p>\n\n\n\n<p>Param\u00e9dicos del Heroico Cuerpo de Bomberos arribaron al sitio para brindar los primeros auxilios, pero s\u00f3lo corroboraron que ya no contaba con signos vitales.<\/p>\n\n\n\n<p>Ning\u00fan polic\u00eda municipal se hallaba en la zona, por lo cual no hubo detenciones ni b\u00fasqueda de los autores del crimen.<\/p>\n\n\n\n<figure class=\"wp-block-image size-full\"><a href=\"http:\/\/www.zonaroja.com.mx\/wp-content\/uploads\/2022\/03\/Ejecutados-Tehuantepec.jpg\" data-rel=\"penci-gallery-image-content\" ><img decoding=\"async\" width=\"838\" height=\"534\" src=\"http:\/\/www.zonaroja.com.mx\/wp-content\/uploads\/2022\/03\/Ejecutados-Tehuantepec.jpg\" alt=\"\" class=\"wp-image-39435\" srcset=\"https:\/\/zonaroja.com.mx\/wp-content\/uploads\/2022\/03\/Ejecutados-Tehuantepec.jpg 838w, https:\/\/zonaroja.com.mx\/wp-content\/uploads\/2022\/03\/Ejecutados-Tehuantepec-300x191.jpg 300w, https:\/\/zonaroja.com.mx\/wp-content\/uploads\/2022\/03\/Ejecutados-Tehuantepec-768x489.jpg 768w, https:\/\/zonaroja.com.mx\/wp-content\/uploads\/2022\/03\/Ejecutados-Tehuantepec-585x373.jpg 585w\" sizes=\"(max-width: 838px) 100vw, 838px\" \/><\/a><\/figure>\n\n\n\n<p>TRES EN TEHUANTEPEC<\/p>\n\n\n\n<p>Por otra parte, alrededor de las 17:00 horas en el entronque de la carretera Oaxaca-Istmo y supercarretera Salina Cruz-La Ventosa, en el acceso a Tehuantepec, dos personas fueron ejecutadas en el interior de un veh\u00edculo de lujo y una m\u00e1s se hall\u00f3 a unos metros, debajo de un puente.<\/p>\n\n\n\n<p>Se trata de una camioneta marca Honda, color negro, con placas de circulaci\u00f3n H833AYR. Al parecer uno de los fallecidos es due\u00f1o de la empresa Gr\u00faas Espinosa y una m\u00e1s s\u00f3lo es conocida como \u201cOtatis\u201d. Tehuantepec es gobernado por la morenista Vilma Mart\u00ednez Cort\u00e9s.<\/p>\n\n\n\n<p>En ambos casos no hay personas detenidas.<\/p>\n\n\n\n<figure class=\"wp-block-embed is-type-rich is-provider-twitter wp-block-embed-twitter\"><div class=\"wp-block-embed__wrapper\">\n<div class=\"twitter-tweet\"><blockquote class=\"twitter-tweet\" data-lang=\"es\"><p lang=\"es\" dir=\"ltr\"><a href=\"https:\/\/twitter.com\/hashtag\/%C3%9AltimoMinuto?src=hash&amp;ref_src=twsrc%5Etfw\">#\u00daltimoMinuto<\/a> <br>Crece la inseguridad en la ciudad de <a href=\"https:\/\/twitter.com\/hashtag\/Oaxaca?src=hash&amp;ref_src=twsrc%5Etfw\">#Oaxaca<\/a>, a falta de vigilancia policiaca y esquemas efectivos de seguridad.<br>Esta tarde fue ejecutada una persona en la colonia El Arenal, perteneciente a la agencia de Cinco se\u00f1ores. <a href=\"https:\/\/t.co\/a9yRWUjjrD\">pic.twitter.com\/a9yRWUjjrD<\/a><\/p>&mdash; Zona Roja Oaxaca (@ZonaRoja_Oaxaca) <a href=\"https:\/\/twitter.com\/ZonaRoja_Oaxaca\/status\/1509711703029690393?ref_src=twsrc%5Etfw\">1 de abril de 2022<\/a><\/blockquote><\/div>\n<\/div><\/figure>\n\n\n\n<p><\/p>\n","protected":false},"excerpt":{"rendered":"<p>Ismael Garc\u00eda M.\/Zona Roja. Oaxaca de Ju\u00e1rez, Oax., 31 de marzo de 2021.- Cuatro personas&hellip;<\/p>\n","protected":false},"author":2,"featured_media":39434,"comment_status":"closed","ping_status":"open","sticky":false,"template":"","format":"standard","meta":{"_lmt_disableupdate":"","_lmt_disable":"","_jetpack_memberships_contains_paid_content":false,"footnotes":""},"categories":[109,47],"tags":[],"class_list":["post-39433","post","type-post","status-publish","format-standard","has-post-thumbnail","hentry","category-minuto-a-minuto","category-zona-gris"],"jetpack_featured_media_url":"https:\/\/zonaroja.com.mx\/wp-content\/uploads\/2022\/03\/Ejecutado-ciudad-de-Oaxaca-1.jpg","jetpack_sharing_enabled":true,"_links":{"self":[{"href":"https:\/\/zonaroja.com.mx\/index.php?rest_route=\/wp\/v2\/posts\/39433","targetHints":{"allow":["GET"]}}],"collection":[{"href":"https:\/\/zonaroja.com.mx\/index.php?rest_route=\/wp\/v2\/posts"}],"about":[{"href":"https:\/\/zonaroja.com.mx\/index.php?rest_route=\/wp\/v2\/types\/post"}],"author":[{"embeddable":true,"href":"https:\/\/zonaroja.com.mx\/index.php?rest_route=\/wp\/v2\/users\/2"}],"replies":[{"embeddable":true,"href":"https:\/\/zonaroja.com.mx\/index.php?rest_route=%2Fwp%2Fv2%2Fcomments&post=39433"}],"version-history":[{"count":1,"href":"https:\/\/zonaroja.com.mx\/index.php?rest_route=\/wp\/v2\/posts\/39433\/revisions"}],"predecessor-version":[{"id":39436,"href":"https:\/\/zonaroja.com.mx\/index.php?rest_route=\/wp\/v2\/posts\/39433\/revisions\/39436"}],"wp:featuredmedia":[{"embeddable":true,"href":"https:\/\/zonaroja.com.mx\/index.php?rest_route=\/wp\/v2\/media\/39434"}],"wp:attachment":[{"href":"https:\/\/zonaroja.com.mx\/index.php?rest_route=%2Fwp%2Fv2%2Fmedia&parent=39433"}],"wp:term":[{"taxonomy":"category","embeddable":true,"href":"https:\/\/zonaroja.com.mx\/index.php?rest_route=%2Fwp%2Fv2%2Fcategories&post=39433"},{"taxonomy":"post_tag","embeddable":true,"href":"https:\/\/zonaroja.com.mx\/index.php?rest_route=%2Fwp%2Fv2%2Ftags&post=39433"}],"curies":[{"name":"wp","href":"https:\/\/api.w.org\/{rel}","templated":true}]}}