{"id":39437,"date":"2022-03-31T21:18:49","date_gmt":"2022-04-01T03:18:49","guid":{"rendered":"http:\/\/www.zonaroja.com.mx\/?p=39437"},"modified":"2022-03-31T21:18:50","modified_gmt":"2022-04-01T03:18:50","slug":"aqui-no-tenemos-pleitos-nuestro-proposito-se-llama-oaxaca-aaa","status":"publish","type":"post","link":"https:\/\/zonaroja.com.mx\/?p=39437","title":{"rendered":"\u201cAqu\u00ed no tenemos pleitos; nuestro prop\u00f3sito se llama Oaxaca\u201d: AAA"},"content":{"rendered":"\n<p>Yuridiana Sosa\/ Zona Roja<\/p>\n\n\n\n<p>Oaxaca de Ju\u00e1rez, Oax., 31 de marzo de 2022.- A tres d\u00edas del arranque de campa\u00f1a para el relevo de la gubernatura de Oaxaca, los partidos Partido Revolucionario Institucional (PRI) y de la Revoluci\u00f3n Democr\u00e1tica (PRD) presentaron el equipo que acompa\u00f1ar\u00e1 al candidato com\u00fan, Alejandro Avil\u00e9s \u00c1lvarez.<\/p>\n\n\n\n<p>Est\u00e1 compuesto por integrantes, hombres y mujeres, de ambos partidos que han destacado por su labor en distintas \u00e1reas del \u00e1mbito pol\u00edtico, por lo que aseguraron que llevar\u00e1n al triunfo a su aspirante a la gubernatura el pr\u00f3ximo 5 de junio.<\/p>\n\n\n\n<p>El proceso de campa\u00f1a comienza el 3 de abril, en el cual el PRI-PRD trabajar\u00e1n en la estructura b\u00e1sica, coordinaci\u00f3n general de campa\u00f1a, coordinaci\u00f3n territorial y vinculaci\u00f3n con la sociedad.<\/p>\n\n\n\n<p>\u201cSer\u00e1 una campa\u00f1a de escuchar voces, opiniones de todos los pueblos de las ocho regiones del estado; de generar inclusi\u00f3n, debate y se construyan las mejores propuestas para Oaxaca\u201d, se\u00f1al\u00f3 el candidato Alejandro Avil\u00e9s.<\/p>\n\n\n\n<figure class=\"wp-block-embed is-type-rich is-provider-twitter wp-block-embed-twitter\"><div class=\"wp-block-embed__wrapper\">\n<div class=\"twitter-tweet\"><blockquote class=\"twitter-tweet\" data-lang=\"es\"><p lang=\"es\" dir=\"ltr\"><a href=\"https:\/\/twitter.com\/hashtag\/%C3%9AltimoMinuto?src=hash&amp;ref_src=twsrc%5Etfw\">#\u00daltimoMinuto<\/a> <br>3. Y este es parte del equipo de campa\u00f1a de <a href=\"https:\/\/twitter.com\/_AvilesAlvarez?ref_src=twsrc%5Etfw\">@_AvilesAlvarez<\/a>, rumbo a la gubernatura de <a href=\"https:\/\/twitter.com\/hashtag\/Oaxaca?src=hash&amp;ref_src=twsrc%5Etfw\">#Oaxaca<\/a>; el coordinador general es <a href=\"https:\/\/twitter.com\/marco_cuevas_?ref_src=twsrc%5Etfw\">@marco_cuevas_<\/a>: <a href=\"https:\/\/t.co\/UfBr23u9kI\">pic.twitter.com\/UfBr23u9kI<\/a><\/p>&mdash; Zona Roja Oaxaca (@ZonaRoja_Oaxaca) <a href=\"https:\/\/twitter.com\/ZonaRoja_Oaxaca\/status\/1509631921768185862?ref_src=twsrc%5Etfw\">31 de marzo de 2022<\/a><\/blockquote><\/div>\n<\/div><\/figure>\n\n\n\n<p>Ante las dirigencias y l\u00edderes de ambos institutos pol\u00edticos, el candidato asegur\u00f3 que en el transcurso de la campa\u00f1a se unir\u00e1n m\u00e1s voces al proyecto Oaxaca, de las diferentes expresiones pol\u00edticas, pues asegur\u00f3 que son un equipo en donde hay cohesi\u00f3n.<\/p>\n\n\n\n<p>\u201cAqu\u00ed no tenemos fobias, aqu\u00ed no tenemos pleitos, aqu\u00ed nuestro \u00fanico compromiso es nuestra tierra, aqu\u00ed como nos ven, nuestro \u00fanico prop\u00f3sito se llama Oaxaca\u201d, asever\u00f3.<\/p>\n\n\n\n<p>Entre los integrantes del equipo se encuentran, como coordinador de campa\u00f1a, Marco Antonio Hern\u00e1ndez Cuevas; Coordinador de an\u00e1lisis pol\u00edtico, Francisco \u00c1ngel Villareal; en comunicaci\u00f3n social, la diputada Marian Ben\u00edtez Tiburcio; en estructuras, Germ\u00e1n Espinoza Santib\u00e1\u00f1ez; de proyectos estrat\u00e9gicos, Eviel P\u00e9rez Maga\u00f1a; activismo pol\u00edtico, David Mayren Carrasco; organizaci\u00f3n pol\u00edtica, H\u00e9ctor Ram\u00edrez Puga Leyva; vinculaci\u00f3n con la sociedad, Rosal\u00eda Villalobos y<\/p>\n\n\n\n<p>Amairani Morales Valenzuela; conservaci\u00f3n territorial, Manuel S\u00e1nchez Le\u00f3n; representante ante el \u00f3rgano electoral, Jos\u00e9 Antonio Hern\u00e1ndez Fraguas y como coordinadora jur\u00eddica, Ana Karen Ram\u00edrez Pastrana.<\/p>\n","protected":false},"excerpt":{"rendered":"<p>Yuridiana Sosa\/ Zona Roja Oaxaca de Ju\u00e1rez, Oax., 31 de marzo de 2022.- A tres&hellip;<\/p>\n","protected":false},"author":2,"featured_media":39438,"comment_status":"closed","ping_status":"open","sticky":false,"template":"","format":"standard","meta":{"_lmt_disableupdate":"","_lmt_disable":"","_jetpack_memberships_contains_paid_content":false,"footnotes":""},"categories":[109,46],"tags":[316],"class_list":["post-39437","post","type-post","status-publish","format-standard","has-post-thumbnail","hentry","category-minuto-a-minuto","category-zona-blanca","tag-alejandro-aviles-alvarez"],"jetpack_featured_media_url":"https:\/\/zonaroja.com.mx\/wp-content\/uploads\/2022\/03\/Equipo-de-campana-Alejandro-Aviles.jpg","jetpack_sharing_enabled":true,"_links":{"self":[{"href":"https:\/\/zonaroja.com.mx\/index.php?rest_route=\/wp\/v2\/posts\/39437","targetHints":{"allow":["GET"]}}],"collection":[{"href":"https:\/\/zonaroja.com.mx\/index.php?rest_route=\/wp\/v2\/posts"}],"about":[{"href":"https:\/\/zonaroja.com.mx\/index.php?rest_route=\/wp\/v2\/types\/post"}],"author":[{"embeddable":true,"href":"https:\/\/zonaroja.com.mx\/index.php?rest_route=\/wp\/v2\/users\/2"}],"replies":[{"embeddable":true,"href":"https:\/\/zonaroja.com.mx\/index.php?rest_route=%2Fwp%2Fv2%2Fcomments&post=39437"}],"version-history":[{"count":1,"href":"https:\/\/zonaroja.com.mx\/index.php?rest_route=\/wp\/v2\/posts\/39437\/revisions"}],"predecessor-version":[{"id":39439,"href":"https:\/\/zonaroja.com.mx\/index.php?rest_route=\/wp\/v2\/posts\/39437\/revisions\/39439"}],"wp:featuredmedia":[{"embeddable":true,"href":"https:\/\/zonaroja.com.mx\/index.php?rest_route=\/wp\/v2\/media\/39438"}],"wp:attachment":[{"href":"https:\/\/zonaroja.com.mx\/index.php?rest_route=%2Fwp%2Fv2%2Fmedia&parent=39437"}],"wp:term":[{"taxonomy":"category","embeddable":true,"href":"https:\/\/zonaroja.com.mx\/index.php?rest_route=%2Fwp%2Fv2%2Fcategories&post=39437"},{"taxonomy":"post_tag","embeddable":true,"href":"https:\/\/zonaroja.com.mx\/index.php?rest_route=%2Fwp%2Fv2%2Ftags&post=39437"}],"curies":[{"name":"wp","href":"https:\/\/api.w.org\/{rel}","templated":true}]}}