{"id":39440,"date":"2022-03-31T22:03:32","date_gmt":"2022-04-01T04:03:32","guid":{"rendered":"http:\/\/www.zonaroja.com.mx\/?p=39440"},"modified":"2022-03-31T22:03:43","modified_gmt":"2022-04-01T04:03:43","slug":"reprime-martinez-neri-con-sus-policias-a-vendedores-ambulantes","status":"publish","type":"post","link":"https:\/\/zonaroja.com.mx\/?p=39440","title":{"rendered":"Reprime Mart\u00ednez Neri con sus polic\u00edas a vendedores ambulantes"},"content":{"rendered":"\n<p>Yuridiana Sosa\/Zona Roja.<\/p>\n\n\n\n<p>Oaxaca de Ju\u00e1rez, Oax., 31 de marzo de 2022.- Varias personas lesionadas, entre comerciantes ambulantes y elementos de la Polic\u00eda Municipal de Oaxaca de Ju\u00e1rez, fue el saldo preliminar por la reanudaci\u00f3n del operativo contra el comercio en v\u00eda p\u00fablica este jueves, por parte del gobierno municipal.<\/p>\n\n\n\n<p>El operativo se reactiv\u00f3 luego de m\u00e1s de un mes de no llevarse a cabo, el que los jaloneos, discusiones y confrontaciones entre los vendedores y la Polic\u00eda Municipal no faltaron.<\/p>\n\n\n\n<p>Con un dejo de hartazgo, algunos vendedores permitieron la revisi\u00f3n de su documentaci\u00f3n por parte del grupo de inspectores de la direcci\u00f3n de Comercio en V\u00eda P\u00fablica, mientras que otros no toleraron el intento de retirar su puesto al no presentar su permiso.<\/p>\n\n\n\n<p>As\u00ed ocurri\u00f3 en la calle Bustamante, en el Centro Hist\u00f3rico, donde un grupo de vendedores se enfrent\u00f3 a la fuerza de los elementos policiales que trataron de retirar a un comerciante.<\/p>\n\n\n\n<p>Los polic\u00edas de la Unidad Motorizada de Acci\u00f3n R\u00e1pida (UMAR), equipados con casco, chalecos antibalas y algunos con armas largas, intentaron llevarse una mesa, a lo que un grupo de ambulantes se opuso, mujeres y hombres forcejearon por la mesa, logrando recuperarla.<\/p>\n\n\n\n<p>Entre las inconformidades de los vendedores, en la lucha por mantener un espacio en la calle, un elemento policial de Proximidad Ciudadana result\u00f3 lesionado en un breve enfrentamiento entre comerciantes en la calle de Aldama y 20 de Noviembre.<\/p>\n\n\n\n<p>As\u00ed tambi\u00e9n, una comerciante embarazada result\u00f3 afectada en la ri\u00f1a que presuntamente alentaron los mismos vendedores.<\/p>\n\n\n\n<p>Ante esta situaci\u00f3n arribaron cuerpos de primeros auxilios para valorar a la futura madre y trasladarla a un centro m\u00e9dico. Otras vendedoras tambi\u00e9n resultaron lesionadas.<\/p>\n\n\n\n<figure class=\"wp-block-embed is-type-rich is-provider-twitter wp-block-embed-twitter\"><div class=\"wp-block-embed__wrapper\">\n<div class=\"twitter-tweet\"><blockquote class=\"twitter-tweet\" data-lang=\"es\"><p lang=\"es\" dir=\"ltr\"><a href=\"https:\/\/twitter.com\/hashtag\/%C3%9AltimoMinuto?src=hash&amp;ref_src=twsrc%5Etfw\">#\u00daltimoMinuto<\/a> <br>A falta de capacidad y de di\u00e1logo, el edil de <a href=\"https:\/\/twitter.com\/hashtag\/Oaxaca?src=hash&amp;ref_src=twsrc%5Etfw\">#Oaxaca<\/a> de Ju\u00e1rez, <a href=\"https:\/\/twitter.com\/FMartinezNeri?ref_src=twsrc%5Etfw\">@FMartinezNeri<\/a>, orden\u00f3 el uso de la fuerza p\u00fablica en contra de comerciantes ambulantes, en el Centro Hist\u00f3rico de la capital; el saldo fue de varios lesionados, en su mayor\u00eda mujeres. <a href=\"https:\/\/t.co\/ZVFshUq989\">pic.twitter.com\/ZVFshUq989<\/a><\/p>&mdash; Zona Roja Oaxaca (@ZonaRoja_Oaxaca) <a href=\"https:\/\/twitter.com\/ZonaRoja_Oaxaca\/status\/1509740781589999620?ref_src=twsrc%5Etfw\">1 de abril de 2022<\/a><\/blockquote><\/div>\n<\/div><\/figure>\n\n\n\n<p>MOVILIZACI\u00d3N<\/p>\n\n\n\n<p>El grupo de inspectores recorri\u00f3 varias cuadras de la zona Centro Hist\u00f3rico acompa\u00f1ados con un grupo numeroso de polic\u00edas. Su presencia en las calles provocaba inquietud entre ciudadanos, pero principalmente entre los ambulantes.<\/p>\n\n\n\n<p>Durante casi m\u00e1s de un mes se registr\u00f3 una pausa al operativo para el reordenamiento vial en la capital, el cual, desde su inicio a finales del mes de enero, s\u00f3lo la logrado un efecto \u201ccucaracha\u201d con la movilizaci\u00f3n de vendedores, que ante su retiro al no contar con permisos s\u00f3lo han buscado otras calles para volver a instalarse.<\/p>\n\n\n\n<p>Los intentos por recuperar las vialidades de la ciudad s\u00f3lo se han visto con mayor certeza en la calle de Flores Mag\u00f3n, donde existe un cerco con vallas met\u00e1licas.<\/p>\n\n\n\n<p>Sin embargo, en calles como la primera de Miguel Cabrera los puestos siguen invadiendo no s\u00f3lo el espacio en la v\u00eda p\u00fablica, sino el arroyo vehicular en ambos extremos, reduciendo el paso de veh\u00edculos.<\/p>\n\n\n\n<p>En la calle de Aldama, en medio de los mercados \u201cBenito Ju\u00e1rez\u201d y \u201c20 de Noviembre\u201d, la presencia de ambulantes contin\u00faa, aunque se lograron recuperar varios espacios como son los accesos a estas plazas.<\/p>\n\n\n\n<p>La directora de Comercio en V\u00eda P\u00fablica del ayuntamiento de Oaxaca, Viviana Garc\u00eda, indic\u00f3 que han logrado el retiro de unas 300 estructuras, pero se han vuelto a instalar, lo que dificulta el progreso del operativo.<\/p>\n\n\n\n<p>Adem\u00e1s, ha detectado que existen due\u00f1os de puestos rentan sus espacios, que en algunos casos cuentan con 10 puestos que mantienen en arrendamiento, hasta con permisos ap\u00f3crifos.<\/p>\n\n\n\n<figure class=\"wp-block-embed is-type-rich is-provider-twitter wp-block-embed-twitter\"><div class=\"wp-block-embed__wrapper\">\n<div class=\"twitter-tweet\"><blockquote class=\"twitter-tweet\" data-lang=\"es\"><p lang=\"es\" dir=\"ltr\"><a href=\"https:\/\/twitter.com\/hashtag\/%C3%9AltimoMinuto?src=hash&amp;ref_src=twsrc%5Etfw\">#\u00daltimoMinuto<\/a> <br>Oaxaca de Ju\u00e1rez, Oax., 31 de marzo de 2022. Reanudan los operativos policiacos del ayuntamiento de la capital contra el ambulantaje; se registra zafarrancho en la calle Bustamante. <br>Aqu\u00ed la transmisi\u00f3n:<br>\ud83d\udc47<a href=\"https:\/\/t.co\/iQbwNk0TSc\">https:\/\/t.co\/iQbwNk0TSc<\/a> <a href=\"https:\/\/t.co\/rtNvqCFri6\">pic.twitter.com\/rtNvqCFri6<\/a><\/p>&mdash; Zona Roja Oaxaca (@ZonaRoja_Oaxaca) <a href=\"https:\/\/twitter.com\/ZonaRoja_Oaxaca\/status\/1509597393917861889?ref_src=twsrc%5Etfw\">31 de marzo de 2022<\/a><\/blockquote><\/div>\n<\/div><\/figure>\n","protected":false},"excerpt":{"rendered":"<p>Yuridiana Sosa\/Zona Roja. Oaxaca de Ju\u00e1rez, Oax., 31 de marzo de 2022.- Varias personas lesionadas,&hellip;<\/p>\n","protected":false},"author":2,"featured_media":39441,"comment_status":"closed","ping_status":"open","sticky":false,"template":"","format":"standard","meta":{"_lmt_disableupdate":"","_lmt_disable":"","_jetpack_memberships_contains_paid_content":false,"footnotes":""},"categories":[109,47],"tags":[2418,148],"class_list":["post-39440","post","type-post","status-publish","format-standard","has-post-thumbnail","hentry","category-minuto-a-minuto","category-zona-gris","tag-francisco-martinez-neri","tag-oaxaca-de-juarez"],"jetpack_featured_media_url":"https:\/\/zonaroja.com.mx\/wp-content\/uploads\/2022\/03\/Policias-municipales-ambulantes.jpg","jetpack_sharing_enabled":true,"_links":{"self":[{"href":"https:\/\/zonaroja.com.mx\/index.php?rest_route=\/wp\/v2\/posts\/39440","targetHints":{"allow":["GET"]}}],"collection":[{"href":"https:\/\/zonaroja.com.mx\/index.php?rest_route=\/wp\/v2\/posts"}],"about":[{"href":"https:\/\/zonaroja.com.mx\/index.php?rest_route=\/wp\/v2\/types\/post"}],"author":[{"embeddable":true,"href":"https:\/\/zonaroja.com.mx\/index.php?rest_route=\/wp\/v2\/users\/2"}],"replies":[{"embeddable":true,"href":"https:\/\/zonaroja.com.mx\/index.php?rest_route=%2Fwp%2Fv2%2Fcomments&post=39440"}],"version-history":[{"count":2,"href":"https:\/\/zonaroja.com.mx\/index.php?rest_route=\/wp\/v2\/posts\/39440\/revisions"}],"predecessor-version":[{"id":39443,"href":"https:\/\/zonaroja.com.mx\/index.php?rest_route=\/wp\/v2\/posts\/39440\/revisions\/39443"}],"wp:featuredmedia":[{"embeddable":true,"href":"https:\/\/zonaroja.com.mx\/index.php?rest_route=\/wp\/v2\/media\/39441"}],"wp:attachment":[{"href":"https:\/\/zonaroja.com.mx\/index.php?rest_route=%2Fwp%2Fv2%2Fmedia&parent=39440"}],"wp:term":[{"taxonomy":"category","embeddable":true,"href":"https:\/\/zonaroja.com.mx\/index.php?rest_route=%2Fwp%2Fv2%2Fcategories&post=39440"},{"taxonomy":"post_tag","embeddable":true,"href":"https:\/\/zonaroja.com.mx\/index.php?rest_route=%2Fwp%2Fv2%2Ftags&post=39440"}],"curies":[{"name":"wp","href":"https:\/\/api.w.org\/{rel}","templated":true}]}}