{"id":39470,"date":"2022-04-01T16:33:33","date_gmt":"2022-04-01T22:33:33","guid":{"rendered":"https:\/\/www.zonaroja.com.mx\/?p=39470"},"modified":"2022-04-01T16:34:33","modified_gmt":"2022-04-01T22:34:33","slug":"eduardo-bautista-sigue-siendo-rector-reprochan-usurpacion-de-carreno-lopez","status":"publish","type":"post","link":"https:\/\/zonaroja.com.mx\/?p=39470","title":{"rendered":"Eduardo Bautista sigue siendo rector; reprochan usurpaci\u00f3n de Carre\u00f1o L\u00f3pez"},"content":{"rendered":"\n<p>Yuridiana Sosa\/Zona Roja.<\/p>\n\n\n\n<p>Oaxaca de Ju\u00e1rez, Oax., 1 de abril de 2021.- Ante el supuesto nombramiento de un nuevo rector interino de la Universidad Aut\u00f3noma Benito Ju\u00e1rez de Oaxaca (UABJO), Eduardo Bautista Mart\u00ednez asever\u00f3 que dicho acto fue ilegal, por lo que \u00e9l sigue en funciones como autoridad leg\u00edtima de la m\u00e1xima casa de estudios.&nbsp;<\/p>\n\n\n\n<p>Acompa\u00f1ado de consejeros y autoridades de la UABJO, Bautista Mart\u00ednez responsabiliz\u00f3 a Christian Eder Carre\u00f1o L\u00f3pez -nombrado como rector interino en una supuesta sesi\u00f3n de Consejo Universitario- de la d estabilizaci\u00f3n y la violencia que se puede generar en la Universidad al pretender ocupar funciones usurpando un cargo y posici\u00f3n.<\/p>\n\n\n\n<p>En conferencia de prensa, desde la sede de la rector\u00eda de la Universidad, el rector apunt\u00f3 que ante el clima de incertidumbre y los inmediatos antecedentes de violencia convoc\u00f3 al Gobierno Estatal a garantizar la seguridad en la instituci\u00f3n para evitar el desarrollo de mayores actos violentos.<\/p>\n\n\n\n<p>Desde la ma\u00f1ana&nbsp;de&nbsp;este viernes&nbsp;un grupo, presuntamente de porros, comenz\u00f3 una movilizaci\u00f3n en la Universidad, con la quema de papeler\u00eda y basura frente al edificio de rector\u00eda, as\u00ed como el cierre de la avenida Universidad, frente al inmueble.<\/p>\n\n\n\n<p>Adem\u00e1s, se reportaron detonaciones de cohetones desde la Universidad y se han detectado la permanencia de algunas personas con apariencia sospechosa en el \u00e1rea de la explanada principal y tratando de impedir el ingreso.<\/p>\n\n\n\n<p>Bautista Mart\u00ednez se\u00f1al\u00f3 que ya realizaron las denuncias correspondientes para el inicio de las carpetas de investigaci\u00f3n por el intento de la suplantaci\u00f3n de funciones.<\/p>\n\n\n\n<p>Cerca de las 9:00 horas de este viernes, un grupo de consejeros liderados por el Sindicato de Trabajadores Acad\u00e9micos de la Universidad Oaxaca (STAUO) mont\u00f3 una supuesta sesi\u00f3n para elegir a un nuevo rector interino por dos a\u00f1os.<\/p>\n\n\n\n<figure class=\"wp-block-embed\"><div class=\"wp-block-embed__wrapper\">\n<div class=\"twitter-tweet\"><blockquote class=\"twitter-tweet\" data-lang=\"es\"><p lang=\"es\" dir=\"ltr\"><a href=\"https:\/\/twitter.com\/hashtag\/%C3%9AltimoMinuto?src=hash&amp;ref_src=twsrc%5Etfw\">#\u00daltimoMinuto<\/a> <br>3. Aqu\u00ed est\u00e1 la parte legal, aqu\u00ed est\u00e1 la parte de los que estamos trabajando conforme a derecho, dijo la secretaria General de la <a href=\"https:\/\/twitter.com\/UABJO?ref_src=twsrc%5Etfw\">@UABJO<\/a>, al recalcar que <a href=\"https:\/\/twitter.com\/Bautistaeduardo?ref_src=twsrc%5Etfw\">@Bautistaeduardo<\/a> sigue siendo rector y criticar que un grup\u00fasculo violento pretenda erigirse en autoridades. <a href=\"https:\/\/t.co\/B12UwYgOr0\">pic.twitter.com\/B12UwYgOr0<\/a><\/p>&mdash; Zona Roja Oaxaca (@ZonaRoja_Oaxaca) <a href=\"https:\/\/twitter.com\/ZonaRoja_Oaxaca\/status\/1509972727527985155?ref_src=twsrc%5Etfw\">1 de abril de 2022<\/a><\/blockquote><\/div>\n<\/div><\/figure>\n\n\n\n<p>El evento se desarroll\u00f3 en la sede de la Facultad de Arquitectura \u201c5 de Mayo\u201d, en el Centro Hist\u00f3rico de Oaxaca, bajo una convocatoria ficticia, en la que no particip\u00f3 el actual rector, ni la secretaria general, Leticia Mendoza Toro, quienes previamente hab\u00edan desconocido p\u00fablicamente y mediante oficio, dicho llamado a la sesi\u00f3n.&nbsp;<\/p>\n\n\n\n<p>ELECCIONES&nbsp;<\/p>\n\n\n\n<p>El proceso para la jornada electoral programada para&nbsp;el 13 de mayo, para la renovaci\u00f3n de la rector\u00eda, ser\u00e1 analizado, revisado y en su caso retomado por la Comisi\u00f3n Electoral, apunt\u00f3 Bautista Mart\u00ednez.&nbsp;<\/p>\n\n\n\n<p>Aclar\u00f3 que la elecci\u00f3n no depende, para eso existe dicha comisi\u00f3n responsable de la organizaci\u00f3n siempre y cuando existan las condiciones pertinentes para que el proceso se desarrolle con civilidad.&nbsp;<\/p>\n\n\n\n<p>\u201cLa elecci\u00f3n de un rector, la designaci\u00f3n y el proceso de gobierno de la Universidad no depende de los sindicatos\u201d, asever\u00f3 el rector para aclarar las versiones que algunos sindicatos tratan de dirigir el gobierno universitario.<\/p>\n","protected":false},"excerpt":{"rendered":"<p>Yuridiana Sosa\/Zona Roja. Oaxaca de Ju\u00e1rez, Oax., 1 de abril de 2021.- Ante el supuesto&hellip;<\/p>\n","protected":false},"author":2,"featured_media":39468,"comment_status":"closed","ping_status":"open","sticky":false,"template":"","format":"standard","meta":{"_lmt_disableupdate":"","_lmt_disable":"","_jetpack_memberships_contains_paid_content":false,"footnotes":""},"categories":[109,46],"tags":[],"class_list":["post-39470","post","type-post","status-publish","format-standard","has-post-thumbnail","hentry","category-minuto-a-minuto","category-zona-blanca"],"jetpack_featured_media_url":"https:\/\/zonaroja.com.mx\/wp-content\/uploads\/2022\/04\/img_6084.jpg","jetpack_sharing_enabled":true,"_links":{"self":[{"href":"https:\/\/zonaroja.com.mx\/index.php?rest_route=\/wp\/v2\/posts\/39470","targetHints":{"allow":["GET"]}}],"collection":[{"href":"https:\/\/zonaroja.com.mx\/index.php?rest_route=\/wp\/v2\/posts"}],"about":[{"href":"https:\/\/zonaroja.com.mx\/index.php?rest_route=\/wp\/v2\/types\/post"}],"author":[{"embeddable":true,"href":"https:\/\/zonaroja.com.mx\/index.php?rest_route=\/wp\/v2\/users\/2"}],"replies":[{"embeddable":true,"href":"https:\/\/zonaroja.com.mx\/index.php?rest_route=%2Fwp%2Fv2%2Fcomments&post=39470"}],"version-history":[{"count":1,"href":"https:\/\/zonaroja.com.mx\/index.php?rest_route=\/wp\/v2\/posts\/39470\/revisions"}],"predecessor-version":[{"id":39471,"href":"https:\/\/zonaroja.com.mx\/index.php?rest_route=\/wp\/v2\/posts\/39470\/revisions\/39471"}],"wp:featuredmedia":[{"embeddable":true,"href":"https:\/\/zonaroja.com.mx\/index.php?rest_route=\/wp\/v2\/media\/39468"}],"wp:attachment":[{"href":"https:\/\/zonaroja.com.mx\/index.php?rest_route=%2Fwp%2Fv2%2Fmedia&parent=39470"}],"wp:term":[{"taxonomy":"category","embeddable":true,"href":"https:\/\/zonaroja.com.mx\/index.php?rest_route=%2Fwp%2Fv2%2Fcategories&post=39470"},{"taxonomy":"post_tag","embeddable":true,"href":"https:\/\/zonaroja.com.mx\/index.php?rest_route=%2Fwp%2Fv2%2Ftags&post=39470"}],"curies":[{"name":"wp","href":"https:\/\/api.w.org\/{rel}","templated":true}]}}