{"id":39472,"date":"2022-04-01T18:41:46","date_gmt":"2022-04-02T00:41:46","guid":{"rendered":"http:\/\/www.zonaroja.com.mx\/?p=39472"},"modified":"2022-04-01T18:41:48","modified_gmt":"2022-04-02T00:41:48","slug":"intervendra-amlo-para-que-fgr-atraiga-el-caso-del-oaxaqueno-alexander","status":"publish","type":"post","link":"https:\/\/zonaroja.com.mx\/?p=39472","title":{"rendered":"Intervendr\u00e1 AMLO para que FGR atraiga el caso del oaxaque\u00f1o Alexander"},"content":{"rendered":"\n<p>Yuridiana Sosa\/Zona Roja.<\/p>\n\n\n\n<p>Oaxaca de Ju\u00e1rez, Oax., 1 de abril de 2022.- El caso de Alexander Mart\u00ednez G\u00f3mez, asesinado en Acatl\u00e1n de P\u00e9rez Figueroa, Oaxaca, podr\u00eda ser atra\u00eddo por la Fiscal\u00eda General de la Rep\u00fablica, luego que el Tribunal de Enjuiciamiento de la Regi\u00f3n de la Cuenca dej\u00f3 en libertad al imputado.<\/p>\n\n\n\n<p>Andr\u00e9s Manuel L\u00f3pez Obrador, Presidente de M\u00e9xico, indic\u00f3 que instruir\u00e1 al secretario de Gobernaci\u00f3n, Ad\u00e1n Augusto L\u00f3pez Hern\u00e1ndez, para que se ponga en contacto con la familia, quien ha denunciado las m\u00faltiples inconsistencias en el proceso de justicia en Oaxaca.<\/p>\n\n\n\n<p>El compromiso de la intervenci\u00f3n del Gobierno de M\u00e9xico en este caso fue expuesto por el mandatario durante la conferencia matutina de este jueves, ante el planteamiento de una reportera del medio \u201cImagen del Golfo\u201d, de Veracruz.<\/p>\n\n\n\n<p>L\u00f3pez Obrador destac\u00f3 que en los actos delictivos en los que participe alg\u00fan elemento de polic\u00eda, tanto de los gobiernos estatales como municipales, la Fiscal\u00eda General de la Rep\u00fablica debe intervenir.<\/p>\n\n\n\n<p>\u201cEsperamos que cumpla se\u00f1or Presidente y no quede en solo palabras, seguimos en esta lucha para la justicia de Alexander\u201d respondi\u00f3 la familia de la v\u00edctima por medio de sus redes sociales.<\/p>\n\n\n\n<p>El pasado 25 de marzo, la familia de Alexander dio a conocer la liberaci\u00f3n del polic\u00eda detenido por el hecho registrado la noche del 9 de junio de 2020, en inmediaciones de la carretera El Amate-Acatl\u00e1n de P\u00e9rez Figueroa, donde dispararon contra \u00e9l y otros j\u00f3venes, testigos de los actos.<\/p>\n\n\n\n<p>&nbsp;\u201cLos polic\u00edas le quitaron la vida a \u2018Chander\u2019, pero los jueces nos robaron la justicia. Este viernes, el Tribunal de Enjuiciamiento absolvi\u00f3 a los polic\u00edas que dispararon contra mi hijo. Los Jueces dicen que las armas de los asesinos se dispararon por accidente. Que fue un accidente matar a un adolescente de 16 a\u00f1os\u201d, lament\u00f3 la se\u00f1ora Virginia, madre de Alexander, en un comunicado.<\/p>\n\n\n\n<p>Por esta acci\u00f3n judicial, la Fiscal\u00eda General de Oaxaca y la Defensor\u00eda de los Derechos Humanos del Pueblo de Oaxaca tambi\u00e9n se han posicionado en la exigencia de justicia.<\/p>\n","protected":false},"excerpt":{"rendered":"<p>Yuridiana Sosa\/Zona Roja. Oaxaca de Ju\u00e1rez, Oax., 1 de abril de 2022.- El caso de&hellip;<\/p>\n","protected":false},"author":2,"featured_media":14072,"comment_status":"closed","ping_status":"open","sticky":false,"template":"","format":"standard","meta":{"_lmt_disableupdate":"","_lmt_disable":"","_jetpack_memberships_contains_paid_content":false,"footnotes":""},"categories":[109,46],"tags":[2586],"class_list":["post-39472","post","type-post","status-publish","format-standard","has-post-thumbnail","hentry","category-minuto-a-minuto","category-zona-blanca","tag-alexander-martinez-gomez"],"jetpack_featured_media_url":"https:\/\/zonaroja.com.mx\/wp-content\/uploads\/2020\/06\/Alexander-sepelio-2.jpg","jetpack_sharing_enabled":true,"_links":{"self":[{"href":"https:\/\/zonaroja.com.mx\/index.php?rest_route=\/wp\/v2\/posts\/39472","targetHints":{"allow":["GET"]}}],"collection":[{"href":"https:\/\/zonaroja.com.mx\/index.php?rest_route=\/wp\/v2\/posts"}],"about":[{"href":"https:\/\/zonaroja.com.mx\/index.php?rest_route=\/wp\/v2\/types\/post"}],"author":[{"embeddable":true,"href":"https:\/\/zonaroja.com.mx\/index.php?rest_route=\/wp\/v2\/users\/2"}],"replies":[{"embeddable":true,"href":"https:\/\/zonaroja.com.mx\/index.php?rest_route=%2Fwp%2Fv2%2Fcomments&post=39472"}],"version-history":[{"count":1,"href":"https:\/\/zonaroja.com.mx\/index.php?rest_route=\/wp\/v2\/posts\/39472\/revisions"}],"predecessor-version":[{"id":39473,"href":"https:\/\/zonaroja.com.mx\/index.php?rest_route=\/wp\/v2\/posts\/39472\/revisions\/39473"}],"wp:featuredmedia":[{"embeddable":true,"href":"https:\/\/zonaroja.com.mx\/index.php?rest_route=\/wp\/v2\/media\/14072"}],"wp:attachment":[{"href":"https:\/\/zonaroja.com.mx\/index.php?rest_route=%2Fwp%2Fv2%2Fmedia&parent=39472"}],"wp:term":[{"taxonomy":"category","embeddable":true,"href":"https:\/\/zonaroja.com.mx\/index.php?rest_route=%2Fwp%2Fv2%2Fcategories&post=39472"},{"taxonomy":"post_tag","embeddable":true,"href":"https:\/\/zonaroja.com.mx\/index.php?rest_route=%2Fwp%2Fv2%2Ftags&post=39472"}],"curies":[{"name":"wp","href":"https:\/\/api.w.org\/{rel}","templated":true}]}}