{"id":39477,"date":"2022-04-01T20:50:24","date_gmt":"2022-04-02T02:50:24","guid":{"rendered":"http:\/\/www.zonaroja.com.mx\/?p=39477"},"modified":"2022-04-01T20:52:03","modified_gmt":"2022-04-02T02:52:03","slug":"capacita-poder-judicial-sobre-audiencias-del-sistema-acusatorio-penal","status":"publish","type":"post","link":"https:\/\/zonaroja.com.mx\/?p=39477","title":{"rendered":"Capacita Poder Judicial sobre audiencias del Sistema Acusatorio Penal"},"content":{"rendered":"\n<p>Redacci\u00f3n\/Zona Roja.&nbsp;<\/p>\n\n\n\n<p>Oaxaca de Ju\u00e1rez, Oax., 1 de abril de 2022.- En las actividades conjuntas que el Poder Judicial del Estado realiza con la Secretar\u00eda de la Mujeres de Oaxaca (SMO), a trav\u00e9s de la Escuela Judicial&nbsp;se imparte&nbsp;un curso-taller de Audiencias del Sistema Acusatorio Penal dirigido&nbsp;a abogadas de esa dependencia que desempe\u00f1an la funci\u00f3n de asesoras jur\u00eddicas, quienes como parte de sus funciones asisten, representan, orientan y protegen a la v\u00edctima con apego a sus derechos durante el procedimiento penal.&nbsp;<\/p>\n\n\n\n<p>El programa acad\u00e9mico&nbsp;dio comienzo&nbsp;con el m\u00f3dulo Incidentes en la investigaci\u00f3n inicial. Revisi\u00f3n de medidas de protecci\u00f3n e impugnaci\u00f3n contra el no ejercicio de la acci\u00f3n penal y abstenci\u00f3n de investigar, a cargo de la maestra&nbsp;en Ciencias Penales,&nbsp;con estudios en materia penal, derechos humanos, justicia especializada en adolescentes y amparo constitucional, Ver\u00f3nica Mar\u00eda de los \u00c1ngeles Morales D\u00edaz.<\/p>\n\n\n\n<p>Otros de los temas que se abordar\u00e1n&nbsp;durante&nbsp;en el curso-taller son: Orden de aprehensi\u00f3n y orden de comparecencia; Control de detenci\u00f3n; Imputaci\u00f3n inicial y vinculaci\u00f3n a proceso; La prueba il\u00edcita y prueba imperfecta. Cierre de investigaci\u00f3n; Audiencia de debate; apelaci\u00f3n de la v\u00edctima y audiencia de alegatos e Interrogatorio, contrainterrogatorio e incorporaci\u00f3n de elementos materiales.&nbsp;<\/p>\n\n\n\n<p>Al dar la bienvenida a las participantes, el director de la Escuela Judicial,&nbsp;maestro H\u00e9ctor Humberto V\u00e1squez Quevedo expres\u00f3 que el objetivo del curso-taller es consolidar el conocimiento de litigaci\u00f3n de las y los participantes, a fin de intervenir t\u00e9cnicamente en el desahogo real de las audiencias torales del Sistema Acusatorio&nbsp;Penal.&nbsp;<\/p>\n\n\n\n<p>Resalt\u00f3 la funci\u00f3n de las asesoras jur\u00eddicas de la Secretar\u00eda de las Mujeres, instituci\u00f3n con la cual el Poder Judicial del Estado ha&nbsp;realizado diferentes actividades de manera coordinada con la visi\u00f3n de humanizar la justicia y fortalecer la perspectiva de g\u00e9nero.&nbsp;<\/p>\n\n\n\n<p>El curso-taller&nbsp;Audiencias del Sistema Acusatorio Penal&nbsp;que&nbsp;inici\u00f3 el pasado 22 de marzo y concluir\u00e1 el 8 de junio, se imparte dos d\u00edas a la semana en un horario de 17:00 a 20:00 horas.<\/p>\n","protected":false},"excerpt":{"rendered":"<p>Redacci\u00f3n\/Zona Roja.&nbsp; Oaxaca de Ju\u00e1rez, Oax., 1 de abril de 2022.- En las actividades conjuntas&hellip;<\/p>\n","protected":false},"author":2,"featured_media":39480,"comment_status":"closed","ping_status":"open","sticky":false,"template":"","format":"standard","meta":{"_lmt_disableupdate":"","_lmt_disable":"","_jetpack_memberships_contains_paid_content":false,"footnotes":""},"categories":[109,46],"tags":[223],"class_list":["post-39477","post","type-post","status-publish","format-standard","has-post-thumbnail","hentry","category-minuto-a-minuto","category-zona-blanca","tag-poder-judicial-de-oaxaca"],"jetpack_featured_media_url":"https:\/\/zonaroja.com.mx\/wp-content\/uploads\/2022\/04\/Capacitacion-Poder-Judicial-Oaxaca-1.jpg","jetpack_sharing_enabled":true,"_links":{"self":[{"href":"https:\/\/zonaroja.com.mx\/index.php?rest_route=\/wp\/v2\/posts\/39477","targetHints":{"allow":["GET"]}}],"collection":[{"href":"https:\/\/zonaroja.com.mx\/index.php?rest_route=\/wp\/v2\/posts"}],"about":[{"href":"https:\/\/zonaroja.com.mx\/index.php?rest_route=\/wp\/v2\/types\/post"}],"author":[{"embeddable":true,"href":"https:\/\/zonaroja.com.mx\/index.php?rest_route=\/wp\/v2\/users\/2"}],"replies":[{"embeddable":true,"href":"https:\/\/zonaroja.com.mx\/index.php?rest_route=%2Fwp%2Fv2%2Fcomments&post=39477"}],"version-history":[{"count":1,"href":"https:\/\/zonaroja.com.mx\/index.php?rest_route=\/wp\/v2\/posts\/39477\/revisions"}],"predecessor-version":[{"id":39479,"href":"https:\/\/zonaroja.com.mx\/index.php?rest_route=\/wp\/v2\/posts\/39477\/revisions\/39479"}],"wp:featuredmedia":[{"embeddable":true,"href":"https:\/\/zonaroja.com.mx\/index.php?rest_route=\/wp\/v2\/media\/39480"}],"wp:attachment":[{"href":"https:\/\/zonaroja.com.mx\/index.php?rest_route=%2Fwp%2Fv2%2Fmedia&parent=39477"}],"wp:term":[{"taxonomy":"category","embeddable":true,"href":"https:\/\/zonaroja.com.mx\/index.php?rest_route=%2Fwp%2Fv2%2Fcategories&post=39477"},{"taxonomy":"post_tag","embeddable":true,"href":"https:\/\/zonaroja.com.mx\/index.php?rest_route=%2Fwp%2Fv2%2Ftags&post=39477"}],"curies":[{"name":"wp","href":"https:\/\/api.w.org\/{rel}","templated":true}]}}