{"id":39497,"date":"2022-04-02T07:05:56","date_gmt":"2022-04-02T13:05:56","guid":{"rendered":"http:\/\/www.zonaroja.com.mx\/?p=39497"},"modified":"2022-04-02T07:05:58","modified_gmt":"2022-04-02T13:05:58","slug":"comienza-mexico-a-dejar-el-cubrebocas-ante-baja-de-covid","status":"publish","type":"post","link":"https:\/\/zonaroja.com.mx\/?p=39497","title":{"rendered":"Comienza M\u00e9xico a dejar el cubrebocas, ante baja de Covid"},"content":{"rendered":"\n<p>Redacci\u00f3n\/Zona Roja Cdmx.<\/p>\n\n\n\n<p>Ciudad de M\u00e9xico, 2 de abril de 2022.- Los mexicanos dejar\u00e1n paulatinamente a dejar el cubreboca, una vez que han descendido los casos de Covid-19.<\/p>\n\n\n\n<p>En la Ciudad de M\u00e9xico, desde ayer 1 de abril el uso de esa protecci\u00f3n bucal y nasal en espacios p\u00fablicos ser\u00e1 opcional, determin\u00f3 el gobierno capitalino.<\/p>\n\n\n\n<p>De acuerdo con la Secretar\u00eda de Salud, se considera el uso voluntario de cubrebocas en espacios abiertos, sin aglomeraciones y con sana distancia; se recomienda continuar con el uso en los sitios cerrados, lugares poco ventilados y en aglomeraciones; y se recomienda mantener el uso en personas adultas mayores con enfermedades inmunodepresivas, con patolog\u00eda y casos sospechosos y confirmados de Covid-19.<\/p>\n\n\n\n<p>Ayer en conferencia de prensa se inform\u00f3 que por primera vez desde hace dos a\u00f1os la capital se encuentra con riesgo epid\u00e9mico cero, por lo que se mantiene el sem\u00e1foro verde.<\/p>\n\n\n\n<p>\u201cTenemos la muy buena noticia que salimos por primera vez en toda la pandemia, en cero puntos de 40; es decir, no tenemos ning\u00fan indicador que no est\u00e9 en riesgo m\u00ednimo ni de contagios ni de hospitalizados ni de defunciones ni sus respectivas tendencias. Entonces, es, sin duda, el mejor momento que hemos tenido en t\u00e9rminos de la propagaci\u00f3n del virus en m\u00ednimos hist\u00f3ricos desde el inicio de la pandemia dos a\u00f1os despu\u00e9s, muchas\u201d, dijo Eduardo Clark, director general de Gobierno Digital ADIP.<\/p>\n\n\n\n<p>Por su parte la jefa de Gobierno, Claudia Sheinbaum destac\u00f3 el trabajo realizado a lo largo de la emergencia sanitaria e indic\u00f3 que esta ser\u00e1 la \u00faltima conferencia covid, pero se continuar\u00e1 con el monitoreo del comportamiento del Coronavirus SARS-CoV-2.<\/p>\n\n\n\n<p>\u201cSon claros los signos de reactivaci\u00f3n econ\u00f3mica en la Ciudad, todos, empleo, consumo, apertura de negocios, estamos en una reactivaci\u00f3n que se traduce en distintos indicadores, entonces la Ciudad estar\u00eda levant\u00e1ndose de esta dif\u00edcil situaci\u00f3n en la que vivimos y realmente la Ciudad est\u00e1 viva\u201d, destac\u00f3 la jefa de Gobierno de la Cdmx.<\/p>\n\n\n\n<p>Hasta este viernes en la capital 195 personas se encontraban hospitalizadas, de las cuales 55 se encontraban intubadas.<\/p>\n\n\n\n<p>En las cifras dadas a conocer por las autoridades capitalinas, se tienen un mill\u00f3n 385 mil 841 casos de Covid-19 acumulados; 55 mil 403 defunciones; y con fecha del 23 de marzo se ten\u00edan 3 mil 893 casos activos del coronavirus SARS-CoV-2.<\/p>\n\n\n\n<p>(Con informaci\u00f3n de \u201cExc\u00e9lsior\u201d)<\/p>\n","protected":false},"excerpt":{"rendered":"<p>Redacci\u00f3n\/Zona Roja Cdmx. Ciudad de M\u00e9xico, 2 de abril de 2022.- Los mexicanos dejar\u00e1n paulatinamente&hellip;<\/p>\n","protected":false},"author":2,"featured_media":39498,"comment_status":"closed","ping_status":"open","sticky":false,"template":"","format":"standard","meta":{"_lmt_disableupdate":"","_lmt_disable":"","_jetpack_memberships_contains_paid_content":false,"footnotes":""},"categories":[109,47],"tags":[1328],"class_list":["post-39497","post","type-post","status-publish","format-standard","has-post-thumbnail","hentry","category-minuto-a-minuto","category-zona-gris","tag-coronavirus-mexico"],"jetpack_featured_media_url":"https:\/\/zonaroja.com.mx\/wp-content\/uploads\/2022\/04\/Coronavirus-Mexico-sin-cubrebocas-Cdmx.jpeg","jetpack_sharing_enabled":true,"_links":{"self":[{"href":"https:\/\/zonaroja.com.mx\/index.php?rest_route=\/wp\/v2\/posts\/39497","targetHints":{"allow":["GET"]}}],"collection":[{"href":"https:\/\/zonaroja.com.mx\/index.php?rest_route=\/wp\/v2\/posts"}],"about":[{"href":"https:\/\/zonaroja.com.mx\/index.php?rest_route=\/wp\/v2\/types\/post"}],"author":[{"embeddable":true,"href":"https:\/\/zonaroja.com.mx\/index.php?rest_route=\/wp\/v2\/users\/2"}],"replies":[{"embeddable":true,"href":"https:\/\/zonaroja.com.mx\/index.php?rest_route=%2Fwp%2Fv2%2Fcomments&post=39497"}],"version-history":[{"count":1,"href":"https:\/\/zonaroja.com.mx\/index.php?rest_route=\/wp\/v2\/posts\/39497\/revisions"}],"predecessor-version":[{"id":39499,"href":"https:\/\/zonaroja.com.mx\/index.php?rest_route=\/wp\/v2\/posts\/39497\/revisions\/39499"}],"wp:featuredmedia":[{"embeddable":true,"href":"https:\/\/zonaroja.com.mx\/index.php?rest_route=\/wp\/v2\/media\/39498"}],"wp:attachment":[{"href":"https:\/\/zonaroja.com.mx\/index.php?rest_route=%2Fwp%2Fv2%2Fmedia&parent=39497"}],"wp:term":[{"taxonomy":"category","embeddable":true,"href":"https:\/\/zonaroja.com.mx\/index.php?rest_route=%2Fwp%2Fv2%2Fcategories&post=39497"},{"taxonomy":"post_tag","embeddable":true,"href":"https:\/\/zonaroja.com.mx\/index.php?rest_route=%2Fwp%2Fv2%2Ftags&post=39497"}],"curies":[{"name":"wp","href":"https:\/\/api.w.org\/{rel}","templated":true}]}}