{"id":39500,"date":"2022-04-02T07:11:15","date_gmt":"2022-04-02T13:11:15","guid":{"rendered":"http:\/\/www.zonaroja.com.mx\/?p=39500"},"modified":"2022-04-02T07:11:16","modified_gmt":"2022-04-02T13:11:16","slug":"detienen-en-santa-lucia-del-camino-a-dos-polleros-que-traian-20-migrantes","status":"publish","type":"post","link":"https:\/\/zonaroja.com.mx\/?p=39500","title":{"rendered":"Detienen en Santa Luc\u00eda del Camino a dos \u201cpolleros\u201d que tra\u00edan 20 migrantes"},"content":{"rendered":"\n<p>Redacci\u00f3n\/Zona Roja.<\/p>\n\n\n\n<p>Oaxaca de Ju\u00e1rez, Oax., 2 de abril de 2022.- El ayuntamiento de Santa Luc\u00eda del Camino, a trav\u00e9s de la Polic\u00eda Municipal, logr\u00f3 la detenci\u00f3n de dos personas por su presunta participaci\u00f3n en el delito de tr\u00e1fico de personas, adem\u00e1s de asegurar a 20 indocumentados en la agencia de San Francisco Tutla.<\/p>\n\n\n\n<p>Fue la ma\u00f1ana de ayer 1 de abril, cuando el Centro de Control Comando y Comunicaci\u00f3n ubicado en el municipio, logr\u00f3 la detecci\u00f3n de dos veh\u00edculos tipo Suburban, estacionados en la calle Independencia, esquina con la Calle Uni\u00f3n de San Francisco Tutla.<\/p>\n\n\n\n<p>Los elementos de seguridad se aproximaron a la zona antes mencionada, donde uno de los conductores, identificado como Ra\u00fal C. M., de 30 a\u00f1os de edad, indic\u00f3 que ten\u00eda instrucciones de trasladar a las personas a bordo de su veh\u00edculo, a un anexo ubicado en la citada agencia, por lo que se procedi\u00f3 a una inspecci\u00f3n en apego a la ley.<\/p>\n\n\n\n<p>Mediante una actitud evasiva, el sujeto se neg\u00f3 a la inspecci\u00f3n de su unidad de motor, por lo que se solicit\u00f3 la presencia de m\u00e1s elementos de seguridad para proseguir con lo correspondiente. Al descender sus ocupantes, \u00e9stos se\u00f1alaron que ven\u00edan procedentes de Cuba, y no contaban con los permisos legales para transitar por territorio mexicano.<\/p>\n\n\n\n<p>Ante la situaci\u00f3n, la Polic\u00eda Municipal de Santa Luc\u00eda del Camino procedi\u00f3 a la detenci\u00f3n de Ra\u00fal C. M, as\u00ed como su copiloto identificado como Alberto A. M. de 37 a\u00f1os de edad, para posteriormente ser puestos a disposici\u00f3n de la Fiscal\u00eda General de la Rep\u00fablica (FGR). En cuanto a los indocumentados, quedaron bajo resguardo del Instituto Nacional de Migraci\u00f3n (INAMI).<\/p>\n\n\n\n<p>La administraci\u00f3n que encabeza Juan Carlos Garc\u00eda M\u00e1rquez sigue redoblando acciones para hacer cumplir la ley en apego al Derecho, para que as\u00ed Santa Luc\u00eda del Camino cuenta con la paz y seguridad olvidada por a\u00f1os.<\/p>\n","protected":false},"excerpt":{"rendered":"<p>Redacci\u00f3n\/Zona Roja. Oaxaca de Ju\u00e1rez, Oax., 2 de abril de 2022.- El ayuntamiento de Santa&hellip;<\/p>\n","protected":false},"author":2,"featured_media":39501,"comment_status":"closed","ping_status":"open","sticky":false,"template":"","format":"standard","meta":{"_lmt_disableupdate":"","_lmt_disable":"","_jetpack_memberships_contains_paid_content":false,"footnotes":""},"categories":[109,46],"tags":[337],"class_list":["post-39500","post","type-post","status-publish","format-standard","has-post-thumbnail","hentry","category-minuto-a-minuto","category-zona-blanca","tag-santa-lucia-del-camino"],"jetpack_featured_media_url":"https:\/\/zonaroja.com.mx\/wp-content\/uploads\/2022\/04\/Detenciones-polleros-Santa-Lucia-del-Camino.jpg","jetpack_sharing_enabled":true,"_links":{"self":[{"href":"https:\/\/zonaroja.com.mx\/index.php?rest_route=\/wp\/v2\/posts\/39500","targetHints":{"allow":["GET"]}}],"collection":[{"href":"https:\/\/zonaroja.com.mx\/index.php?rest_route=\/wp\/v2\/posts"}],"about":[{"href":"https:\/\/zonaroja.com.mx\/index.php?rest_route=\/wp\/v2\/types\/post"}],"author":[{"embeddable":true,"href":"https:\/\/zonaroja.com.mx\/index.php?rest_route=\/wp\/v2\/users\/2"}],"replies":[{"embeddable":true,"href":"https:\/\/zonaroja.com.mx\/index.php?rest_route=%2Fwp%2Fv2%2Fcomments&post=39500"}],"version-history":[{"count":1,"href":"https:\/\/zonaroja.com.mx\/index.php?rest_route=\/wp\/v2\/posts\/39500\/revisions"}],"predecessor-version":[{"id":39502,"href":"https:\/\/zonaroja.com.mx\/index.php?rest_route=\/wp\/v2\/posts\/39500\/revisions\/39502"}],"wp:featuredmedia":[{"embeddable":true,"href":"https:\/\/zonaroja.com.mx\/index.php?rest_route=\/wp\/v2\/media\/39501"}],"wp:attachment":[{"href":"https:\/\/zonaroja.com.mx\/index.php?rest_route=%2Fwp%2Fv2%2Fmedia&parent=39500"}],"wp:term":[{"taxonomy":"category","embeddable":true,"href":"https:\/\/zonaroja.com.mx\/index.php?rest_route=%2Fwp%2Fv2%2Fcategories&post=39500"},{"taxonomy":"post_tag","embeddable":true,"href":"https:\/\/zonaroja.com.mx\/index.php?rest_route=%2Fwp%2Fv2%2Ftags&post=39500"}],"curies":[{"name":"wp","href":"https:\/\/api.w.org\/{rel}","templated":true}]}}