{"id":39506,"date":"2022-04-02T07:59:16","date_gmt":"2022-04-02T13:59:16","guid":{"rendered":"http:\/\/www.zonaroja.com.mx\/?p=39506"},"modified":"2022-04-02T07:59:19","modified_gmt":"2022-04-02T13:59:19","slug":"yo-reconozco-al-que-diga-la-ley-gobernador-sobre-rector-de-la-uabjo","status":"publish","type":"post","link":"https:\/\/zonaroja.com.mx\/?p=39506","title":{"rendered":"\u201cYo reconozco al que diga la ley\u201d: gobernador sobre rector de la UABJO"},"content":{"rendered":"\n<p>Redacci\u00f3n\/Zona Roja.<\/p>\n\n\n\n<p>Oaxaca de Ju\u00e1rez, Oax., 2 de abril de 2022.- El gobernador de Oaxaca, Alejandro Murat Hinojosa, asegur\u00f3 que respeta la vida interna de la Universidad Aut\u00f3noma \u201cBenito Ju\u00e1rez\u201d de Oaxaca (UABJO) y reconoci\u00f3 liderazgo en la instituci\u00f3n educativa.<\/p>\n\n\n\n<p>\u201cYo reconozco al que diga la ley\u201d, dijo ayer en entrevista tras un acto p\u00fablico en el Centro Cultural y de Convenciones de Oaxaca, al tras respaldar la mayor\u00eda del Consejo Universitario, funcionarios y directores de escuelas al rector Eduardo Bautista Mart\u00ednez.<\/p>\n\n\n\n<p>\u201cHago una invitaci\u00f3n a todos los liderazgos de la Universidad a que sean consistentes y congruentes con lo que representan, la Universidad es el centro de generaci\u00f3n de conocimiento en nuestro estado y ellas y ellos son los l\u00edderes de ese gran espacio que es la UABJO.<\/p>\n\n\n\n<p>\u201cClaramente hay esa necesidad de abrir un espacio en torno a el paso que debe de darse para darle la tranquilidad y certeza a los m\u00e1s importantes que son sus alumnos y poder superar ya esta etapa del Covid que tambi\u00e9n hizo que hubiera estos ajustes, lo que tambi\u00e9n exige ahora una respuesta inmediata.<\/p>\n\n\n\n<p>\u201cYo s\u00e9 que en la UABJO sus liderazgos tienen la capacidad y la madurez para poder tomar esas decisiones y como gobierno estaremos atentos y por supuesto s\u00e9 que la ciudadan\u00eda tambi\u00e9n para que puedan una vez m\u00e1s el rumbo del conocimiento para Oaxaca\u201d, expuso Murat Hinojosa.<\/p>\n\n\n\n<p>Recalc\u00f3 que siempre ha mantenido su respeto a la autonom\u00eda universitaria \u201cy as\u00ed lo reitero el d\u00eda de hoy, por eso estamos viendo estas facetas que me parecen desafortunadas de la Universidad pero tambi\u00e9n estoy claro de que tendr\u00e1n la madurez para tomar las decisiones que requiere hoy la Universidad\u201d, manifest\u00f3 el mandatario.<\/p>\n\n\n\n<p>Ayer tambi\u00e9n, el rector Eduardo Bautista, la secretaria General de la UABJO, Leticia Mendoza Toro y la mayor\u00eda de consejeros universitarios, desconocieron la supuesta elecci\u00f3n de un nuevo rector, con Christian Eder Carre\u00f1o y anunciaron que expusieron una denuncia por usurpaci\u00f3n de funciones.<\/p>\n","protected":false},"excerpt":{"rendered":"<p>Redacci\u00f3n\/Zona Roja. Oaxaca de Ju\u00e1rez, Oax., 2 de abril de 2022.- El gobernador de Oaxaca,&hellip;<\/p>\n","protected":false},"author":2,"featured_media":37610,"comment_status":"closed","ping_status":"open","sticky":false,"template":"","format":"standard","meta":{"_lmt_disableupdate":"","_lmt_disable":"","_jetpack_memberships_contains_paid_content":false,"footnotes":""},"categories":[109,46],"tags":[173],"class_list":["post-39506","post","type-post","status-publish","format-standard","has-post-thumbnail","hentry","category-minuto-a-minuto","category-zona-blanca","tag-alejandro-murat-hinojosa"],"jetpack_featured_media_url":"https:\/\/zonaroja.com.mx\/wp-content\/uploads\/2022\/02\/Alejandro-Murat.jpg","jetpack_sharing_enabled":true,"_links":{"self":[{"href":"https:\/\/zonaroja.com.mx\/index.php?rest_route=\/wp\/v2\/posts\/39506","targetHints":{"allow":["GET"]}}],"collection":[{"href":"https:\/\/zonaroja.com.mx\/index.php?rest_route=\/wp\/v2\/posts"}],"about":[{"href":"https:\/\/zonaroja.com.mx\/index.php?rest_route=\/wp\/v2\/types\/post"}],"author":[{"embeddable":true,"href":"https:\/\/zonaroja.com.mx\/index.php?rest_route=\/wp\/v2\/users\/2"}],"replies":[{"embeddable":true,"href":"https:\/\/zonaroja.com.mx\/index.php?rest_route=%2Fwp%2Fv2%2Fcomments&post=39506"}],"version-history":[{"count":1,"href":"https:\/\/zonaroja.com.mx\/index.php?rest_route=\/wp\/v2\/posts\/39506\/revisions"}],"predecessor-version":[{"id":39507,"href":"https:\/\/zonaroja.com.mx\/index.php?rest_route=\/wp\/v2\/posts\/39506\/revisions\/39507"}],"wp:featuredmedia":[{"embeddable":true,"href":"https:\/\/zonaroja.com.mx\/index.php?rest_route=\/wp\/v2\/media\/37610"}],"wp:attachment":[{"href":"https:\/\/zonaroja.com.mx\/index.php?rest_route=%2Fwp%2Fv2%2Fmedia&parent=39506"}],"wp:term":[{"taxonomy":"category","embeddable":true,"href":"https:\/\/zonaroja.com.mx\/index.php?rest_route=%2Fwp%2Fv2%2Fcategories&post=39506"},{"taxonomy":"post_tag","embeddable":true,"href":"https:\/\/zonaroja.com.mx\/index.php?rest_route=%2Fwp%2Fv2%2Ftags&post=39506"}],"curies":[{"name":"wp","href":"https:\/\/api.w.org\/{rel}","templated":true}]}}