{"id":39508,"date":"2022-04-02T14:43:30","date_gmt":"2022-04-02T20:43:30","guid":{"rendered":"http:\/\/www.zonaroja.com.mx\/?p=39508"},"modified":"2022-04-02T14:43:31","modified_gmt":"2022-04-02T20:43:31","slug":"trasladan-a-reclusorio-de-tanivet-a-presunto-lider-del-crimen-organizado","status":"publish","type":"post","link":"https:\/\/zonaroja.com.mx\/?p=39508","title":{"rendered":"Trasladan a reclusorio de Tanivet a presunto l\u00edder del crimen organizado"},"content":{"rendered":"\n<p>Redacci\u00f3n\/Zona Roja.<\/p>\n\n\n\n<p>Oaxaca de Ju\u00e1rez, Oax., 2 de abril de 2022.-&nbsp;La Fiscal\u00eda General del Estado de Oaxaca (FGEO) present\u00f3 ante el Juzgado de Control a una persona del sexo masculino identificada como A. T. A, alias \u00abTo\u00f1o Ter\u00e1n\u00bb, se\u00f1alado como probable responsable del delito de desaparici\u00f3n de personas cometido por particulares, en agravio de N. D. V. D., cometido en agosto de 2019, en San Francisco Ixhuat\u00e1n, regi\u00f3n del Istmo.<\/p>\n\n\n\n<p>El probable responsable fue aprehendido en el marco de operativos de seguridad realizados en el municipio de Juchit\u00e1n de Zaragoza, en los que se realizan labores conjuntas entre elementos de la Coordinaci\u00f3n Nacional Antisecuestro (Conase), Secretar\u00eda de la Defensa Nacional (Sede\u00f1a), Secretar\u00eda de Marina (Semar), Guardia Nacional (GN), Polic\u00eda Estatal de la Secretar\u00eda de Seguridad P\u00fablica de Oaxaca (SSPO) y elementos de la Agencia Estatal de Investigaciones (AEI).<\/p>\n\n\n\n<p>Cabe mencionar, que el primero de abril del presente a\u00f1o, las autoridades aprehendieron al imputado en inmediaciones de la primera Secci\u00f3n de Juchit\u00e1n de Zaragoza.<\/p>\n\n\n\n<p>De acuerdo con la causa penal 313\/2022, el 21 de agosto de 2019, el imputado probablemente priv\u00f3 de la libertad a la v\u00edctima N. D. V. D. y a partir de esa fecha, se desconoce su paradero.<\/p>\n\n\n\n<p>Ante estos hechos, la instituci\u00f3n de procuraci\u00f3n de justicia present\u00f3 al imputado A. T. A, alias \u00abTo\u00f1o Ter\u00e1n\u00bb., ante el Juzgado de Control, cuya situaci\u00f3n jur\u00eddica se resolver\u00e1 en las pr\u00f3ximas horas.<\/p>\n\n\n\n<p>El imputado, probablemente est\u00e1 relacionado con dos grupos delictivos que operan en la regi\u00f3n del Istmo de Tehuantepec, debido a que&nbsp; hay indicios de su probable participaci\u00f3n en actividades il\u00edcitas y delitos de alto impacto.<\/p>\n\n\n\n<p>Esta ma\u00f1ana el detenido fue trasladado v\u00eda a\u00e9rea de la regi\u00f3n del Istmo de Tehuantepec hacia el reclusorio ubicado en San Francisco Tanivet, Tlacolula de Matamoros.<\/p>\n","protected":false},"excerpt":{"rendered":"<p>Redacci\u00f3n\/Zona Roja. Oaxaca de Ju\u00e1rez, Oax., 2 de abril de 2022.-&nbsp;La Fiscal\u00eda General del Estado&hellip;<\/p>\n","protected":false},"author":2,"featured_media":39509,"comment_status":"closed","ping_status":"open","sticky":false,"template":"","format":"standard","meta":{"_lmt_disableupdate":"","_lmt_disable":"","_jetpack_memberships_contains_paid_content":false,"footnotes":""},"categories":[109,46],"tags":[494],"class_list":["post-39508","post","type-post","status-publish","format-standard","has-post-thumbnail","hentry","category-minuto-a-minuto","category-zona-blanca","tag-fiscalia-general-del-estado-de-oaxaca"],"jetpack_featured_media_url":"https:\/\/zonaroja.com.mx\/wp-content\/uploads\/2022\/04\/Teran-detenido-Istmo.jpg","jetpack_sharing_enabled":true,"_links":{"self":[{"href":"https:\/\/zonaroja.com.mx\/index.php?rest_route=\/wp\/v2\/posts\/39508","targetHints":{"allow":["GET"]}}],"collection":[{"href":"https:\/\/zonaroja.com.mx\/index.php?rest_route=\/wp\/v2\/posts"}],"about":[{"href":"https:\/\/zonaroja.com.mx\/index.php?rest_route=\/wp\/v2\/types\/post"}],"author":[{"embeddable":true,"href":"https:\/\/zonaroja.com.mx\/index.php?rest_route=\/wp\/v2\/users\/2"}],"replies":[{"embeddable":true,"href":"https:\/\/zonaroja.com.mx\/index.php?rest_route=%2Fwp%2Fv2%2Fcomments&post=39508"}],"version-history":[{"count":1,"href":"https:\/\/zonaroja.com.mx\/index.php?rest_route=\/wp\/v2\/posts\/39508\/revisions"}],"predecessor-version":[{"id":39510,"href":"https:\/\/zonaroja.com.mx\/index.php?rest_route=\/wp\/v2\/posts\/39508\/revisions\/39510"}],"wp:featuredmedia":[{"embeddable":true,"href":"https:\/\/zonaroja.com.mx\/index.php?rest_route=\/wp\/v2\/media\/39509"}],"wp:attachment":[{"href":"https:\/\/zonaroja.com.mx\/index.php?rest_route=%2Fwp%2Fv2%2Fmedia&parent=39508"}],"wp:term":[{"taxonomy":"category","embeddable":true,"href":"https:\/\/zonaroja.com.mx\/index.php?rest_route=%2Fwp%2Fv2%2Fcategories&post=39508"},{"taxonomy":"post_tag","embeddable":true,"href":"https:\/\/zonaroja.com.mx\/index.php?rest_route=%2Fwp%2Fv2%2Ftags&post=39508"}],"curies":[{"name":"wp","href":"https:\/\/api.w.org\/{rel}","templated":true}]}}