{"id":39514,"date":"2022-04-02T14:57:33","date_gmt":"2022-04-02T20:57:33","guid":{"rendered":"http:\/\/www.zonaroja.com.mx\/?p=39514"},"modified":"2022-04-02T14:57:35","modified_gmt":"2022-04-02T20:57:35","slug":"paridad-uno-de-los-grandes-logros-en-la-constitucion-mexicana-benitez","status":"publish","type":"post","link":"https:\/\/zonaroja.com.mx\/?p=39514","title":{"rendered":"Paridad, uno de los grandes logros en la Constituci\u00f3n mexicana: Ben\u00edtez"},"content":{"rendered":"\n<p>Redacci\u00f3n\/Zona Roja.<\/p>\n\n\n\n<p>Oaxaca de Ju\u00e1rez, Oax., 2 de abril de 2022.- La presidenta de la Mesa Directiva del Congreso de Oaxaca, diputada Mariana Ben\u00edtez Tiburcio, particip\u00f3 en el primer evento con motivo de la conmemoraci\u00f3n del centenario de la Constituci\u00f3n Pol\u00edtica del Estado Libre y&nbsp;Soberano&nbsp;de Oaxaca, en donde la ministra de la Suprema Corte de Justicia de la Naci\u00f3n, Yasm\u00edn Esquivel Mossa, imparti\u00f3 una conferencia magistral.&nbsp;<\/p>\n\n\n\n<p>En presencia del Gobernador del Estado, Alejandro Murat Hinojosa; del magistrado presidente del Tribunal Superior de Justicia del Estado Oaxaca, Eduardo Pinacho S\u00e1nchez; de la diputada Luisa Cort\u00e9s y del diputado Luis Alfonso Silva Romo, as\u00ed como del presidente municipal Francisco Mart\u00ednez Neri y del Consejero de la Judicatura Federal, Alejandro Gonz\u00e1lez Bernab\u00e9, la diputada Ben\u00edtez Tiburcio dio la bienvenida a la Ministra Yasm\u00edn Esquivel, una de las catorce mujeres que han ocupado el m\u00e1s alto cargo jurisdiccional en toda la historia del pa\u00eds.&nbsp;<\/p>\n\n\n\n<p>Record\u00f3 que Oaxaca es tierra de grandes juristas, y en esta ocasi\u00f3n se refiri\u00f3 a una jurista oaxaque\u00f1a, un referente nacional como lo fue Mar\u00eda Cristina Salmor\u00e1n, quien en 1961 se convirti\u00f3 en la primera ministra en la historia de la Suprema Corte de Justicia de la Naci\u00f3n, \u201cUna mujer que rompi\u00f3 techos de cristal sin duda alguna, y que ha servido de referente para muchas generaciones de abogadas y juzgadoras a nivel nacional. &nbsp;Para contextualizar la designaci\u00f3n de esta ministra, vale recordar &nbsp;que su designaci\u00f3n ocurri\u00f3 apenas 6 a\u00f1os despues de que las mujeres pudieron ejercer su derecho al voto en M\u00e9xico. Vaya que fue pionera y abri\u00f3 camino a muchas mujeres m\u00e1s en el Poder Judicial\u201d, refiri\u00f3.<\/p>\n\n\n\n<p>La legisladora detall\u00f3 que es un orgullo que mujeres como la ministra Yasm\u00edn Esquivel Mossa, se encuentren en Oaxaca, tierra de juristas, ya que adem\u00e1s es una mujer con enorme compromiso con la agenda de los derechos de las mujeres.<\/p>\n\n\n\n<p>La tambi\u00e9n integrante del Comit\u00e9 Organizador de las actividades del Centenario de la Constituci\u00f3n Pol\u00edtica, indic\u00f3: \u00abHoy a 100 a\u00f1os de la Constituci\u00f3n de 1922, puedo asegurar con certeza que uno de los cambios jur\u00eddicos de m\u00e1s largo alcance consagrados en ellas han sido las reformas en materia de paridad consagradas en nuestra Constituci\u00f3n en 2019.<\/p>\n\n\n\n<p>\u00abSi bien se hab\u00edan previsto reglas para impulsar la paridad por parte del \u00f3rgano electoral desde el 2015, no fue sino hasta la reforma constitucional de 2019 cuando se introdujo a nuestro marco constitucional local el principio de paridad\u00bb, explic\u00f3.\u00a0<\/p>\n\n\n\n<figure class=\"wp-block-embed is-type-rich is-provider-twitter wp-block-embed-twitter\"><div class=\"wp-block-embed__wrapper\">\n<div class=\"twitter-tweet\"><blockquote class=\"twitter-tweet\" data-lang=\"es\"><p lang=\"es\" dir=\"ltr\">La presidenta de la Mesa Directiva del <a href=\"https:\/\/twitter.com\/CongresoOaxaca_?ref_src=twsrc%5Etfw\">@CongresoOaxaca_<\/a>, <a href=\"https:\/\/twitter.com\/marianabenitezt?ref_src=twsrc%5Etfw\">@marianabenitezt<\/a>, acudi\u00f3 hoy a la conferencia magistral impartida por <a href=\"https:\/\/twitter.com\/YasminEsquivel_?ref_src=twsrc%5Etfw\">@YasminEsquivel_<\/a>, ministra de la <a href=\"https:\/\/twitter.com\/SCJN?ref_src=twsrc%5Etfw\">@SCJN<\/a>, en el marco de la conmemoraci\u00f3n del centenario de la Constituci\u00f3n Pol\u00edtica del Estado de <a href=\"https:\/\/twitter.com\/hashtag\/Oaxaca?src=hash&amp;ref_src=twsrc%5Etfw\">#Oaxaca<\/a>. <a href=\"https:\/\/t.co\/CtTeQ31SsM\">pic.twitter.com\/CtTeQ31SsM<\/a><\/p>&mdash; Zona Roja Oaxaca (@ZonaRoja_Oaxaca) <a href=\"https:\/\/twitter.com\/ZonaRoja_Oaxaca\/status\/1510083293676515329?ref_src=twsrc%5Etfw\">2 de abril de 2022<\/a><\/blockquote><\/div>\n<\/div><\/figure>\n\n\n\n<p>Ejemplific\u00f3 con el documento Bur\u00f3 Parlamentario, donde se busca identificar de qu\u00e9 han servido las reformas nacionales en materia de paridad, y conocer en d\u00f3nde est\u00e1 la falla, porque aunque se observa de que las mujeres son mayor\u00eda en muchos congresos locales, las mujeres no cuentan con un poder real de incidencia.<\/p>\n\n\n\n<p>\u00abEs importante entender por qu\u00e9 no nos podemos quedar tranquilas, cumpliendo con una paridad formal, pues a\u00fan hay obst\u00e1culos y barreras que debemos derrotar que nos impiden impulsar la agenda de la igualdad y la perspectiva de g\u00e9nero en los Congresos locales, as\u00ed como tambi\u00e9n en los municipios y en general en las posiciones de poder donde a\u00fan no hay representaci\u00f3n\u00bb, indic\u00f3.<\/p>\n\n\n\n<p>En el caso de Oaxaca, mencion\u00f3 que gracias a las reformas de paridad, fue considerado como el estado con la mejor calificaci\u00f3n de acuerdo \u00cdndice de Fuerza Pol\u00edtica de las Mujeres en los Congresos a nivel nacional, lo cual midi\u00f3 no solo el n\u00famero de mujeres en los plenos de las legislaturas, tambi\u00e9n, el n\u00famero de mujeres presidiendo mesas directivas, n\u00famero de coordinadoras parlamentarias, presidentas de comisiones y en especial de las comisiones que tienen un mayor peso pol\u00edtico.<\/p>\n\n\n\n<p>\u00abSin duda esto no hubiera sido posible sin las reformas constitucionales federales, de paridad de 2014, y las posteriores al 2019, sin los criterios jurisdisprudenciales del Tribunal Electoral y sin las reformas aprobadas a nuestra constituci\u00f3n local\u00bb, precis\u00f3.<\/p>\n\n\n\n<p>Para Oaxaca, expres\u00f3, representa un cambio may\u00fasculo, en un estado donde nunca ha sido gobernado por una mujer; un estado cuyo Congreso s\u00f3lo ha sido presidido en dos ocasiones por mujeres; un estado donde de los 570 municipios, en 44 de ellos gobiernan mujeres en la actualidad (28.8%) y de los 417 municipios que se rigen por Sistemas Normativos Internos, persisten grandes resistencias culturales que limitan a las mujeres a participar en la toma de decisiones.<\/p>\n\n\n\n<p>Por eso, a\u00f1adi\u00f3, en el marco del centenario de la Constituci\u00f3n Pol\u00edtica del Estado, es el momento oportuno de hacer un alto para reconocer de d\u00f3nde venimos, y los cambios &nbsp;gigantescos que ha recibido el marco normativo del estado.<\/p>\n\n\n\n<p>\u00abEs tiempo pensar y repensar nuestra Constituci\u00f3n y reflexionar hacia d\u00f3nde vamos, y qu\u00e9 tenemos que hacer para garantizar una igualdad real y sustantiva en nuestro Estado; en la toma de decisiones, en la participaci\u00f3n pol\u00edtica de sus mujeres y en general, en el ejercicio pleno de sus derechos y libertades\u00bb, concluy\u00f3.<\/p>\n","protected":false},"excerpt":{"rendered":"<p>Redacci\u00f3n\/Zona Roja. Oaxaca de Ju\u00e1rez, Oax., 2 de abril de 2022.- La presidenta de la&hellip;<\/p>\n","protected":false},"author":2,"featured_media":39515,"comment_status":"closed","ping_status":"open","sticky":false,"template":"","format":"standard","meta":{"_lmt_disableupdate":"","_lmt_disable":"","_jetpack_memberships_contains_paid_content":false,"footnotes":""},"categories":[109,46],"tags":[2969],"class_list":["post-39514","post","type-post","status-publish","format-standard","has-post-thumbnail","hentry","category-minuto-a-minuto","category-zona-blanca","tag-mariana-benitez-tiburcio"],"jetpack_featured_media_url":"https:\/\/zonaroja.com.mx\/wp-content\/uploads\/2022\/04\/Mariana-Beninrez-Centenario-Constitucion.jpg","jetpack_sharing_enabled":true,"_links":{"self":[{"href":"https:\/\/zonaroja.com.mx\/index.php?rest_route=\/wp\/v2\/posts\/39514","targetHints":{"allow":["GET"]}}],"collection":[{"href":"https:\/\/zonaroja.com.mx\/index.php?rest_route=\/wp\/v2\/posts"}],"about":[{"href":"https:\/\/zonaroja.com.mx\/index.php?rest_route=\/wp\/v2\/types\/post"}],"author":[{"embeddable":true,"href":"https:\/\/zonaroja.com.mx\/index.php?rest_route=\/wp\/v2\/users\/2"}],"replies":[{"embeddable":true,"href":"https:\/\/zonaroja.com.mx\/index.php?rest_route=%2Fwp%2Fv2%2Fcomments&post=39514"}],"version-history":[{"count":1,"href":"https:\/\/zonaroja.com.mx\/index.php?rest_route=\/wp\/v2\/posts\/39514\/revisions"}],"predecessor-version":[{"id":39516,"href":"https:\/\/zonaroja.com.mx\/index.php?rest_route=\/wp\/v2\/posts\/39514\/revisions\/39516"}],"wp:featuredmedia":[{"embeddable":true,"href":"https:\/\/zonaroja.com.mx\/index.php?rest_route=\/wp\/v2\/media\/39515"}],"wp:attachment":[{"href":"https:\/\/zonaroja.com.mx\/index.php?rest_route=%2Fwp%2Fv2%2Fmedia&parent=39514"}],"wp:term":[{"taxonomy":"category","embeddable":true,"href":"https:\/\/zonaroja.com.mx\/index.php?rest_route=%2Fwp%2Fv2%2Fcategories&post=39514"},{"taxonomy":"post_tag","embeddable":true,"href":"https:\/\/zonaroja.com.mx\/index.php?rest_route=%2Fwp%2Fv2%2Ftags&post=39514"}],"curies":[{"name":"wp","href":"https:\/\/api.w.org\/{rel}","templated":true}]}}