{"id":39517,"date":"2022-04-02T19:29:09","date_gmt":"2022-04-03T01:29:09","guid":{"rendered":"http:\/\/www.zonaroja.com.mx\/?p=39517"},"modified":"2022-04-02T19:29:10","modified_gmt":"2022-04-03T01:29:10","slug":"matan-a-fotoperiodista-ucraniano-maks-levin-mientras-cubria-la-guerra","status":"publish","type":"post","link":"https:\/\/zonaroja.com.mx\/?p=39517","title":{"rendered":"Matan a fotoperiodista ucraniano Maks Levin mientras cubr\u00eda la guerra"},"content":{"rendered":"\n<p>Redacci\u00f3n\/Zona Roja Cdmx.<\/p>\n\n\n\n<p>Ciudad de M\u00e9xico, 2 de abril de 2022.- El fot\u00f3grafo y documentalista ucraniano Maks Levin, desaparecido desde hac\u00eda m\u00e1s de dos semanas, fue hallado muerto cerca de Kiev, inform\u00f3 el s\u00e1bado el asesor de la Presidencia ucraniana, Andriy Yermak.<\/p>\n\n\n\n<p>Desapareci\u00f3 en la zona de hostilidades el 13 de marzo en la regi\u00f3n de Kiev (la capital ucraniana, que enfrent\u00f3 una prolongada tentativa de cerco de las tropas rusa\u00bb, dijo el asesor en Telegram.<\/p>\n\n\n\n<p>El 1 de abril, su cuerpo fue encontrado cerca de la aldea de Guta Mezhyguirska\u00bb, agreg\u00f3.<\/p>\n\n\n\n<p>Maksim (m\u00e1s conocido por su diminutivo Maks) Levin, de 40 a\u00f1os, \u00abestaba desarmado y fue abatido por dos disparos de armas ligeras efectuados por militares de las Fuerzas Armadas rusas\u00bb, denunci\u00f3&nbsp;la Fiscal\u00eda ucraniana en un comunicado.<\/p>\n\n\n\n<p>La Fiscal\u00eda inform\u00f3 que abri\u00f3 una investigaci\u00f3n sobre el caso, por \u00abviolaci\u00f3n de las leyes y los usos de la guerra\u00bb.<\/p>\n\n\n\n<p>El reportero, padre de cuatro ni\u00f1os, colabor\u00f3 con varios medios ucranianos e internacionales.<\/p>\n\n\n\n<p>En 2014, a inicios de la guerra contra los separatistas prorrusos del este de Ucrania, logr\u00f3 salir de Ilovaisk, una ciudad rodeada del sureste donde murieron cientos de soldados ucranianos en pocos d\u00edas.<\/p>\n\n\n\n<p>Estaba desarmado, llevaba un chaleco con la inscripci\u00f3n &#8216;Prensa&#8217; y lo mataron, al igual que a otros cinco periodistas desde el inicio de la guerra en #Ucrania\u00bb, escribi\u00f3 la ONG&nbsp;Reporteros Sin Fronteras (RSF).<\/p>\n\n\n\n<p>Varios periodistas ucranianos y occidentales han muerto y decenas han resultado heridos en Ucrania desde que comenz\u00f3 la invasi\u00f3n rusa, el 24 de febrero.<\/p>\n\n\n\n<p>Al menos tres de ellos perecieron en el nordeste de Kiev, donde arreciaron los combates entre las fueras ucranianas y el ej\u00e9rcito ruso, antes de que las fuerzas rusas se replegaran en los \u00faltimos d\u00edas de varias poblaciones de la zona.<\/p>\n\n\n\n<p>(Informaci\u00f3n de \u201cExc\u00e9lsior\u201d)<\/p>\n","protected":false},"excerpt":{"rendered":"<p>Redacci\u00f3n\/Zona Roja Cdmx. Ciudad de M\u00e9xico, 2 de abril de 2022.- El fot\u00f3grafo y documentalista&hellip;<\/p>\n","protected":false},"author":2,"featured_media":39518,"comment_status":"closed","ping_status":"open","sticky":false,"template":"","format":"standard","meta":{"_lmt_disableupdate":"","_lmt_disable":"","_jetpack_memberships_contains_paid_content":false,"footnotes":""},"categories":[109,47],"tags":[3040],"class_list":["post-39517","post","type-post","status-publish","format-standard","has-post-thumbnail","hentry","category-minuto-a-minuto","category-zona-gris","tag-conflicto-ucrania-rusia-2"],"jetpack_featured_media_url":"https:\/\/zonaroja.com.mx\/wp-content\/uploads\/2022\/04\/Guerra-Kiev-Ucrania.jpg","jetpack_sharing_enabled":true,"_links":{"self":[{"href":"https:\/\/zonaroja.com.mx\/index.php?rest_route=\/wp\/v2\/posts\/39517","targetHints":{"allow":["GET"]}}],"collection":[{"href":"https:\/\/zonaroja.com.mx\/index.php?rest_route=\/wp\/v2\/posts"}],"about":[{"href":"https:\/\/zonaroja.com.mx\/index.php?rest_route=\/wp\/v2\/types\/post"}],"author":[{"embeddable":true,"href":"https:\/\/zonaroja.com.mx\/index.php?rest_route=\/wp\/v2\/users\/2"}],"replies":[{"embeddable":true,"href":"https:\/\/zonaroja.com.mx\/index.php?rest_route=%2Fwp%2Fv2%2Fcomments&post=39517"}],"version-history":[{"count":1,"href":"https:\/\/zonaroja.com.mx\/index.php?rest_route=\/wp\/v2\/posts\/39517\/revisions"}],"predecessor-version":[{"id":39519,"href":"https:\/\/zonaroja.com.mx\/index.php?rest_route=\/wp\/v2\/posts\/39517\/revisions\/39519"}],"wp:featuredmedia":[{"embeddable":true,"href":"https:\/\/zonaroja.com.mx\/index.php?rest_route=\/wp\/v2\/media\/39518"}],"wp:attachment":[{"href":"https:\/\/zonaroja.com.mx\/index.php?rest_route=%2Fwp%2Fv2%2Fmedia&parent=39517"}],"wp:term":[{"taxonomy":"category","embeddable":true,"href":"https:\/\/zonaroja.com.mx\/index.php?rest_route=%2Fwp%2Fv2%2Fcategories&post=39517"},{"taxonomy":"post_tag","embeddable":true,"href":"https:\/\/zonaroja.com.mx\/index.php?rest_route=%2Fwp%2Fv2%2Ftags&post=39517"}],"curies":[{"name":"wp","href":"https:\/\/api.w.org\/{rel}","templated":true}]}}