{"id":3952,"date":"2019-09-14T08:00:43","date_gmt":"2019-09-14T13:00:43","guid":{"rendered":"http:\/\/www.zonaroja.com.mx\/?p=3952"},"modified":"2019-09-14T08:00:46","modified_gmt":"2019-09-14T13:00:46","slug":"vuelven-a-juntar-en-oaxaca-a-francisco-toledo-y-a-carlos-monsivais","status":"publish","type":"post","link":"https:\/\/zonaroja.com.mx\/?p=3952","title":{"rendered":"Vuelven a juntar en Oaxaca a Francisco Toledo y a Carlos Monsiv\u00e1is"},"content":{"rendered":"\n<p>Evlin\nArag\u00f3n\/Zona Roja.<\/p>\n\n\n\n<p>Foto:\nEspecial<\/p>\n\n\n\n<p>Oaxaca de\nJu\u00e1rez, Oax., 14 de septiembre de 2019.- Integrantes de la Asociaci\u00f3n Amigos\ndel Museo de los Pintores Oaxaque\u00f1os anunciaron la exposici\u00f3n Toledo-Monsiv\u00e1is,\nque se inaugurar\u00e1 el pr\u00f3ximo 23 de noviembre como parte de los festejos del XV aniversario\ndel recinto, misma que fue autorizada por el pintor antes de morir.<\/p>\n\n\n\n<p>De acuerdo\ncon el curador del Museo \u201cRufino Tamayo\u201d, Fernando G\u00e1lvez de Aguinaga, se trata\nde dos personas sumamente importantes en M\u00e9xico, que en vida caminaron muchas\nveces juntos y ahora se vuelven a reunir en uno de los recintos culturales m\u00e1s\nimportantes de Oaxaca destinado a reconocer lo mejor de la pl\u00e1stica.<\/p>\n\n\n\n<p>\u201cEn vida ambos personajes cultivaron una alianza intelectual muy importante en M\u00e9xico a trav\u00e9s de la cual encabezaron muchas causas, donde Carlos Monsiv\u00e1is realizaba los textos y los manifiestos en defensa de la naturaleza, del patrimonio y de los derechos humanos en general, que despu\u00e9s ve\u00eda la luz en actos creativos encabezados por Francisco Toledo\u201d, dijo el curador y promotor cultural.<\/p>\n\n\n\n<figure class=\"wp-block-image\"><img decoding=\"async\" width=\"700\" height=\"700\" src=\"http:\/\/www.zonaroja.com.mx\/wp-content\/uploads\/2019\/09\/Toledo-Monsi.jpg\" alt=\"\" class=\"wp-image-3953\" srcset=\"https:\/\/zonaroja.com.mx\/wp-content\/uploads\/2019\/09\/Toledo-Monsi.jpg 700w, https:\/\/zonaroja.com.mx\/wp-content\/uploads\/2019\/09\/Toledo-Monsi-150x150.jpg 150w, https:\/\/zonaroja.com.mx\/wp-content\/uploads\/2019\/09\/Toledo-Monsi-300x300.jpg 300w, https:\/\/zonaroja.com.mx\/wp-content\/uploads\/2019\/09\/Toledo-Monsi-585x585.jpg 585w, https:\/\/zonaroja.com.mx\/wp-content\/uploads\/2019\/09\/Toledo-Monsi-640x640.jpg 640w\" sizes=\"(max-width: 700px) 100vw, 700px\" \/><\/figure>\n\n\n\n<p>En este\nmismo sentido, record\u00f3 que exist\u00eda mutua admiraci\u00f3n entre ambos personajes,\nincluso mucha complicidad ya que sin importar la fecha o circunstancia, el\nescritor mexicano siempre acud\u00eda al llamado que le realizaba el pintor\njuchiteco.<\/p>\n\n\n\n<p>\u201cMonsiv\u00e1is\nestaba ah\u00ed, jam\u00e1s cobr\u00f3 un centavo, jam\u00e1s pidi\u00f3 un boleto de avi\u00f3n ni\nhospedaje, era una entrega total porque sab\u00eda que Toledo hac\u00eda lo mismo con su\ntiempo, obra y patrimonio la cual destino al pueblo de Oaxaca\u201d, dijo.<\/p>\n\n\n\n<p>La\nexposici\u00f3n est\u00e1 conformada por la colecci\u00f3n del escritor mexicano Carlos Monsiv\u00e1is\ne integra 64 piezas de textos de su autor\u00eda, as\u00ed como obras de fotograf\u00eda,\ncaricatura, dibujo, gr\u00e1fica y pintura de diversos artistas entre ellos del\noaxaque\u00f1o Francisco Toledo.<\/p>\n\n\n\n<p>La\ncolecci\u00f3n, que forma parte de la muestra permanente del Museo del Estanquillo,\nen la Ciudad de M\u00e9xico, se adaptar\u00e1 a la reciente partida del pintor oaxaque\u00f1o\ny busca transmitir un di\u00e1logo entre ambos personajes, como aquellos que\nrealizaron en vida convirti\u00e9ndose en inspiraci\u00f3n de los cientos de personas que\nles admiran y reconocen como referentes no s\u00f3lo en las letras y la pl\u00e1stica,\nsino en la lucha social e historia de M\u00e9xico.<\/p>\n","protected":false},"excerpt":{"rendered":"<p>Evlin Arag\u00f3n\/Zona Roja. Foto: Especial Oaxaca de Ju\u00e1rez, Oax., 14 de septiembre de 2019.- Integrantes&hellip;<\/p>\n","protected":false},"author":2,"featured_media":3954,"comment_status":"closed","ping_status":"open","sticky":false,"template":"","format":"standard","meta":{"_lmt_disableupdate":"","_lmt_disable":"","_jetpack_memberships_contains_paid_content":false,"footnotes":""},"categories":[109,46],"tags":[707,677],"class_list":["post-3952","post","type-post","status-publish","format-standard","has-post-thumbnail","hentry","category-minuto-a-minuto","category-zona-blanca","tag-carlos-monsivais","tag-francisco-toledo"],"jetpack_featured_media_url":"https:\/\/zonaroja.com.mx\/wp-content\/uploads\/2019\/09\/francisco-toledo-y-carlos-monsivais.jpg","jetpack_sharing_enabled":true,"_links":{"self":[{"href":"https:\/\/zonaroja.com.mx\/index.php?rest_route=\/wp\/v2\/posts\/3952","targetHints":{"allow":["GET"]}}],"collection":[{"href":"https:\/\/zonaroja.com.mx\/index.php?rest_route=\/wp\/v2\/posts"}],"about":[{"href":"https:\/\/zonaroja.com.mx\/index.php?rest_route=\/wp\/v2\/types\/post"}],"author":[{"embeddable":true,"href":"https:\/\/zonaroja.com.mx\/index.php?rest_route=\/wp\/v2\/users\/2"}],"replies":[{"embeddable":true,"href":"https:\/\/zonaroja.com.mx\/index.php?rest_route=%2Fwp%2Fv2%2Fcomments&post=3952"}],"version-history":[{"count":1,"href":"https:\/\/zonaroja.com.mx\/index.php?rest_route=\/wp\/v2\/posts\/3952\/revisions"}],"predecessor-version":[{"id":3955,"href":"https:\/\/zonaroja.com.mx\/index.php?rest_route=\/wp\/v2\/posts\/3952\/revisions\/3955"}],"wp:featuredmedia":[{"embeddable":true,"href":"https:\/\/zonaroja.com.mx\/index.php?rest_route=\/wp\/v2\/media\/3954"}],"wp:attachment":[{"href":"https:\/\/zonaroja.com.mx\/index.php?rest_route=%2Fwp%2Fv2%2Fmedia&parent=3952"}],"wp:term":[{"taxonomy":"category","embeddable":true,"href":"https:\/\/zonaroja.com.mx\/index.php?rest_route=%2Fwp%2Fv2%2Fcategories&post=3952"},{"taxonomy":"post_tag","embeddable":true,"href":"https:\/\/zonaroja.com.mx\/index.php?rest_route=%2Fwp%2Fv2%2Ftags&post=3952"}],"curies":[{"name":"wp","href":"https:\/\/api.w.org\/{rel}","templated":true}]}}