{"id":39520,"date":"2022-04-03T10:00:00","date_gmt":"2022-04-03T15:00:00","guid":{"rendered":"http:\/\/www.zonaroja.com.mx\/?p=39520"},"modified":"2022-04-03T14:47:33","modified_gmt":"2022-04-03T19:47:33","slug":"amparo-para-vacunar-a-mi-hijo-ha-sido-frustrante-abogada-alma-franco","status":"publish","type":"post","link":"https:\/\/zonaroja.com.mx\/?p=39520","title":{"rendered":"Amparo para vacunar a mi hijo ha sido frustrante: abogada Alma Franco"},"content":{"rendered":"\n<p>Redacci\u00f3n\/Zona Roja Cdmx.<\/p>\n\n\n\n<p>Ciudad de M\u00e9xico, 3 de abril de 2022.- Recientemente, la&nbsp;Comisi\u00f3n Federal para la Protecci\u00f3n contra Riesgos Sanitarios (Cofepris) autoriz\u00f3 la vacuna de emergencia contra Covid-19 a menores de entre 5 a 11 a\u00f1os, pero esta informaci\u00f3n no se hizo p\u00fablica, como en otras ocasiones con menores de distintos rangos de edad.&nbsp;<\/p>\n\n\n\n<p>Al respecto, Alma Franco, abogada de GA Comunicaciones y promovente de amparo para vacunar a su hijo, se\u00f1al\u00f3 que dicha informaci\u00f3n pudo omitirse debido a que la&nbsp;Cofepris tem\u00eda una nueva ola de amparos.&nbsp;<\/p>\n\n\n\n<p>\u201cFue de gran sorpresa para m\u00ed recibir a trav\u00e9s del Juzgado de Distrito, el 24 de marzo, el contenido de este informe de la Cofepris que desde el 3 de marzo ya se hab\u00eda autorizados esta vacuna de emergencia, para los ni\u00f1os mayores de 5 a 11 a\u00f1os.&nbsp;No s\u00e9 porqu\u00e9 lo ocultaron, la raz\u00f3n era no permitir que se viniera la ola de juicios de amparo que como se realiz\u00f3 el a\u00f1o pasado con los ni\u00f1os de 12 a 17\u201d, dijo.&nbsp;<\/p>\n\n\n\n<p>En entrevista con Alejandro Cacho, de \u201cHeraldo Radio\u201d, la abogada y madre dijo que todo el proceso que ha vivido para lograr que su hijo quede inmunizado contra el Covid-19, ha sido&nbsp;triste y frustrante.&nbsp;<\/p>\n\n\n\n<p>\u201cTristemente y frustrante, yo vengo batallando con la ejecuci\u00f3n de una suspensi\u00f3n de un plano y de oficio, otorgada para mi hijo Jorge desde diciembre de 2021, es frustrante, tiene que tener mucha resiliencia, solamente como abogada sino como mam\u00e1, pero bueno finalmente creo que ya tenemos un obst\u00e1culo menos ahora falta la ejecuci\u00f3n\u201d.<\/p>\n\n\n\n<p>Adem\u00e1s de la ejecuci\u00f3n de suspensi\u00f3n de plano y de oficio del hijo de la abogada, coment\u00f3 que tiene 60 ni\u00f1os esperando que se ejecute la suspensi\u00f3n en otros juicios de amparo en el estado de Oaxaca.&nbsp;<\/p>\n\n\n\n<p>(Informaci\u00f3n de \u00abEl Heraldo de M\u00e9xico\u00bb)<\/p>\n","protected":false},"excerpt":{"rendered":"<p>Redacci\u00f3n\/Zona Roja Cdmx. Ciudad de M\u00e9xico, 3 de abril de 2022.- Recientemente, la&nbsp;Comisi\u00f3n Federal para&hellip;<\/p>\n","protected":false},"author":2,"featured_media":34386,"comment_status":"closed","ping_status":"open","sticky":false,"template":"","format":"standard","meta":{"_lmt_disableupdate":"","_lmt_disable":"","_jetpack_memberships_contains_paid_content":false,"footnotes":""},"categories":[109,47],"tags":[2986],"class_list":["post-39520","post","type-post","status-publish","format-standard","has-post-thumbnail","hentry","category-minuto-a-minuto","category-zona-gris","tag-alma-franco-vargas"],"jetpack_featured_media_url":"https:\/\/zonaroja.com.mx\/wp-content\/uploads\/2021\/11\/Vacunacion-Covid-menores-Mexico.jpeg","jetpack_sharing_enabled":true,"_links":{"self":[{"href":"https:\/\/zonaroja.com.mx\/index.php?rest_route=\/wp\/v2\/posts\/39520","targetHints":{"allow":["GET"]}}],"collection":[{"href":"https:\/\/zonaroja.com.mx\/index.php?rest_route=\/wp\/v2\/posts"}],"about":[{"href":"https:\/\/zonaroja.com.mx\/index.php?rest_route=\/wp\/v2\/types\/post"}],"author":[{"embeddable":true,"href":"https:\/\/zonaroja.com.mx\/index.php?rest_route=\/wp\/v2\/users\/2"}],"replies":[{"embeddable":true,"href":"https:\/\/zonaroja.com.mx\/index.php?rest_route=%2Fwp%2Fv2%2Fcomments&post=39520"}],"version-history":[{"count":2,"href":"https:\/\/zonaroja.com.mx\/index.php?rest_route=\/wp\/v2\/posts\/39520\/revisions"}],"predecessor-version":[{"id":39540,"href":"https:\/\/zonaroja.com.mx\/index.php?rest_route=\/wp\/v2\/posts\/39520\/revisions\/39540"}],"wp:featuredmedia":[{"embeddable":true,"href":"https:\/\/zonaroja.com.mx\/index.php?rest_route=\/wp\/v2\/media\/34386"}],"wp:attachment":[{"href":"https:\/\/zonaroja.com.mx\/index.php?rest_route=%2Fwp%2Fv2%2Fmedia&parent=39520"}],"wp:term":[{"taxonomy":"category","embeddable":true,"href":"https:\/\/zonaroja.com.mx\/index.php?rest_route=%2Fwp%2Fv2%2Fcategories&post=39520"},{"taxonomy":"post_tag","embeddable":true,"href":"https:\/\/zonaroja.com.mx\/index.php?rest_route=%2Fwp%2Fv2%2Ftags&post=39520"}],"curies":[{"name":"wp","href":"https:\/\/api.w.org\/{rel}","templated":true}]}}