{"id":39525,"date":"2022-04-03T07:11:00","date_gmt":"2022-04-03T12:11:00","guid":{"rendered":"http:\/\/www.zonaroja.com.mx\/?p=39525"},"modified":"2022-04-02T21:14:05","modified_gmt":"2022-04-03T03:14:05","slug":"revela-uabjo-nombres-de-quienes-atentan-contra-institucion-encabeza-eder-carreno","status":"publish","type":"post","link":"https:\/\/zonaroja.com.mx\/?p=39525","title":{"rendered":"Revela UABJO nombres de quienes atentan contra instituci\u00f3n; encabeza \u00c9der Carre\u00f1o"},"content":{"rendered":"\n<p>Redacci\u00f3n\/Zona Roja.<\/p>\n\n\n\n<p>Oaxaca de Ju\u00e1rez, Oax., 3 de abril de 2022.- La Universidad Aut\u00f3noma \u201cBenito Ju\u00e1rez\u201d de Oaxaca (UABJO) revel\u00f3 formalmente los nombres de quienes acusa de desestabilizar la instituci\u00f3n y denunci\u00f3 por usurpaci\u00f3n de funciones.<\/p>\n\n\n\n<p>Se trata de Christian \u00c9der Carre\u00f1o L\u00f3pez, quien se asume como rector, en una sesi\u00f3n de Consejo Universitario ilegal; Abraham Mart\u00ednez Helmes, a quien supuestamente designaron como secretario General.<\/p>\n\n\n\n<p>Asimismo, V\u00edctor Hugo L\u00f3pez L\u00f3pez, Gilberto Pe\u00f1a Ram\u00edrez y Carlos Rojas Sosa, \u201cquien junto con un grupo de aproximadamente 40 personas se posesionaron del edificio A de la rector\u00eda, para luego realizar quema de papeler\u00eda y bolsas de basura en la explanada\u201d.<\/p>\n\n\n\n<figure class=\"wp-block-embed is-type-rich is-provider-twitter wp-block-embed-twitter\"><div class=\"wp-block-embed__wrapper\">\n<div class=\"twitter-tweet\"><blockquote class=\"twitter-tweet\" data-lang=\"es\"><p lang=\"es\" dir=\"ltr\">Conforme a lo establecido en la Ley Org\u00e1nica de UABJO en la fracci\u00f3n II del art\u00edculo 42, esta ma\u00f1ana el Rector <a href=\"https:\/\/twitter.com\/Bautistaeduardo?ref_src=twsrc%5Etfw\">@Bautistaeduardo<\/a> acompa\u00f1ado por el Abogado General, H\u00e9ctor L\u00f3pez S\u00e1nchez, tom\u00f3 protesta al nuevo Director de Redes Telecomunicaciones e Inform\u00e1tica, Amado Wilches Ramiro <a href=\"https:\/\/t.co\/V1VVTeiQ77\">pic.twitter.com\/V1VVTeiQ77<\/a><\/p>&mdash; Comunicaci\u00f3nUABJO (@comunica_UABJO) <a href=\"https:\/\/twitter.com\/comunica_UABJO\/status\/1510294588702875648?ref_src=twsrc%5Etfw\">2 de abril de 2022<\/a><\/blockquote><\/div>\n<\/div><\/figure>\n\n\n\n<p>Con respecto a Christian \u00c9der Carre\u00f1o, lo responsabiliza directamente del da\u00f1o o deterioro que pudiera darse en el patrimonio universitario, as\u00ed como el mal uso de sellos, hojas membreteadas s\u00edmbolos, emblemas, colores institucionales e instalaciones.<\/p>\n\n\n\n<p>En el caso de Abraham Mart\u00ednez Helmes, quien fung\u00eda como director de Redes, Telecomunicaciones e Inform\u00e1tica, lo responsabiliza por lo que pudiera pasar en dichas instalaciones y sistemas; fue destituido ayer y reemplazado por Amado Wilches Ramiro.<\/p>\n\n\n\n<p>Por otra parte, tambi\u00e9n ayer la UABJO denunci\u00f3 el hackeo del sitio oficial de la instituci\u00f3n, por lo cual present\u00f3 la denuncia correspondiente ante la Fiscal\u00eda General del Estado de Oaxaca.\u00a0<\/p>\n\n\n\n<figure class=\"wp-block-embed is-type-rich is-provider-twitter wp-block-embed-twitter\"><div class=\"wp-block-embed__wrapper\">\n<div class=\"twitter-tweet\"><blockquote class=\"twitter-tweet\" data-lang=\"es\"><p lang=\"es\" dir=\"ltr\">En entrevista, el gobernador <a href=\"https:\/\/twitter.com\/alejandromurat?ref_src=twsrc%5Etfw\">@alejandromurat<\/a> coincidi\u00f3 con el responsable de la <a href=\"https:\/\/twitter.com\/UABJO?ref_src=twsrc%5Etfw\">@UABJO<\/a>, <a href=\"https:\/\/twitter.com\/Bautistaeduardo?ref_src=twsrc%5Etfw\">@Bautistaeduardo<\/a>, en el sentido de una elecci\u00f3n abierta,democr\u00e1tica en la instituci\u00f3n.<br>\u201cLa adversidad de la pandemia permiti\u00f3 que el actual rector se mantuviera y eso hay que reconocerlo,dijo. <a href=\"https:\/\/t.co\/UOGbOihllE\">pic.twitter.com\/UOGbOihllE<\/a><\/p>&mdash; Zona Roja Oaxaca (@ZonaRoja_Oaxaca) <a href=\"https:\/\/twitter.com\/ZonaRoja_Oaxaca\/status\/1510387425964703746?ref_src=twsrc%5Etfw\">2 de abril de 2022<\/a><\/blockquote><\/div>\n<\/div><\/figure>\n\n\n\n<p>APOYA GOBERNADOR<\/p>\n\n\n\n<p>Por otra parte ya pregunta expresa, este s\u00e1bado el gobernador Alejandro Murat Hinojosa declar\u00f3 que apoya una elecci\u00f3n democr\u00e1tica y abierta en la Universidad.<\/p>\n\n\n\n<p>\u201cLa adversidad de la pandemia permiti\u00f3 que el actual rector (Eduardo Bautista Mart\u00ednez) se mantuviera y eso hay que reconocerlo\u201d, dijo.<\/p>\n","protected":false},"excerpt":{"rendered":"<p>Redacci\u00f3n\/Zona Roja. Oaxaca de Ju\u00e1rez, Oax., 3 de abril de 2022.- La Universidad Aut\u00f3noma \u201cBenito&hellip;<\/p>\n","protected":false},"author":2,"featured_media":39526,"comment_status":"closed","ping_status":"open","sticky":false,"template":"","format":"standard","meta":{"_lmt_disableupdate":"","_lmt_disable":"","_jetpack_memberships_contains_paid_content":false,"footnotes":""},"categories":[109,46],"tags":[],"class_list":["post-39525","post","type-post","status-publish","format-standard","has-post-thumbnail","hentry","category-minuto-a-minuto","category-zona-blanca"],"jetpack_featured_media_url":"https:\/\/zonaroja.com.mx\/wp-content\/uploads\/2022\/04\/Comunicado-UABJO-denuncias.jpg","jetpack_sharing_enabled":true,"_links":{"self":[{"href":"https:\/\/zonaroja.com.mx\/index.php?rest_route=\/wp\/v2\/posts\/39525","targetHints":{"allow":["GET"]}}],"collection":[{"href":"https:\/\/zonaroja.com.mx\/index.php?rest_route=\/wp\/v2\/posts"}],"about":[{"href":"https:\/\/zonaroja.com.mx\/index.php?rest_route=\/wp\/v2\/types\/post"}],"author":[{"embeddable":true,"href":"https:\/\/zonaroja.com.mx\/index.php?rest_route=\/wp\/v2\/users\/2"}],"replies":[{"embeddable":true,"href":"https:\/\/zonaroja.com.mx\/index.php?rest_route=%2Fwp%2Fv2%2Fcomments&post=39525"}],"version-history":[{"count":1,"href":"https:\/\/zonaroja.com.mx\/index.php?rest_route=\/wp\/v2\/posts\/39525\/revisions"}],"predecessor-version":[{"id":39527,"href":"https:\/\/zonaroja.com.mx\/index.php?rest_route=\/wp\/v2\/posts\/39525\/revisions\/39527"}],"wp:featuredmedia":[{"embeddable":true,"href":"https:\/\/zonaroja.com.mx\/index.php?rest_route=\/wp\/v2\/media\/39526"}],"wp:attachment":[{"href":"https:\/\/zonaroja.com.mx\/index.php?rest_route=%2Fwp%2Fv2%2Fmedia&parent=39525"}],"wp:term":[{"taxonomy":"category","embeddable":true,"href":"https:\/\/zonaroja.com.mx\/index.php?rest_route=%2Fwp%2Fv2%2Fcategories&post=39525"},{"taxonomy":"post_tag","embeddable":true,"href":"https:\/\/zonaroja.com.mx\/index.php?rest_route=%2Fwp%2Fv2%2Ftags&post=39525"}],"curies":[{"name":"wp","href":"https:\/\/api.w.org\/{rel}","templated":true}]}}