{"id":39529,"date":"2022-04-02T21:34:58","date_gmt":"2022-04-03T03:34:58","guid":{"rendered":"http:\/\/www.zonaroja.com.mx\/?p=39529"},"modified":"2022-04-02T21:35:00","modified_gmt":"2022-04-03T03:35:00","slug":"incesantes-las-ejecuciones-en-juchitan-otro-en-ocotlan","status":"publish","type":"post","link":"https:\/\/zonaroja.com.mx\/?p=39529","title":{"rendered":"Incesantes, las ejecuciones en Juchit\u00e1n; otro en Ocotl\u00e1n"},"content":{"rendered":"\n<p>Redacci\u00f3n\/Zona Roja.<\/p>\n\n\n\n<p>Oaxaca de Ju\u00e1rez, Oax., 2 de abril de 2022.- Las ejecuciones no cesan en Juchit\u00e1n de Zaragoza, municipio gobernado por el morenista Emilio Montero P\u00e9rez, quien en su cuarto a\u00f1o al frente del ayuntamiento, no ha implementado acciones para frenar la ola delictiva.<\/p>\n\n\n\n<p>Esta noche, en el interior de un bar ubicado en la avenida Hidalgo, perteneciente a la Segunda Secci\u00f3n, fue asesinado a balazos un taxista, identificado de manera preliminar como Jorge Alberto T. H., de aproximadamente 40 a\u00f1os de edad.<\/p>\n\n\n\n<p>Hasta el momento no se ha precisado cu\u00e1ntas personas acribillaron al individuo, quienes de inmediato huyeron del lugar; la polic\u00eda municipal lleg\u00f3 al sitio varios minutos despu\u00e9s de los hechos y no pudo impedir que los familiares se llevaran el cad\u00e1ver.<\/p>\n\n\n\n<p>Por otra parte, este s\u00e1bado por la ma\u00f1ana fue localizado el cuerpo sin vida de un individuo, a un costado de la carretera federal 175, Oaxaca-Puerto \u00c1ngel, a la altura del crucero a San Pedro Guegorexe, Ocotl\u00e1n.<\/p>\n\n\n\n<p>Hasta el momento no se tiene mayor informaci\u00f3n respecto de las causas del decesos; de manera preliminar se inform\u00f3 que presentaba varios impactos de arma de fuego,<\/p>\n\n\n\n<p>Mientras tanto, Santa Cruz Mitlatongo denunci\u00f3 un ataque armado por parte de sus vecinos De Santiago Mitlatongo, hechos ocurridos ayer viernes, en que result\u00f3 lesionado Hermelindo Santos Castro, de 42 a\u00f1os de edad.<\/p>\n","protected":false},"excerpt":{"rendered":"<p>Redacci\u00f3n\/Zona Roja. Oaxaca de Ju\u00e1rez, Oax., 2 de abril de 2022.- Las ejecuciones no cesan&hellip;<\/p>\n","protected":false},"author":2,"featured_media":38093,"comment_status":"closed","ping_status":"open","sticky":false,"template":"","format":"standard","meta":{"_lmt_disableupdate":"","_lmt_disable":"","_jetpack_memberships_contains_paid_content":false,"footnotes":""},"categories":[109,51],"tags":[123],"class_list":["post-39529","post","type-post","status-publish","format-standard","has-post-thumbnail","hentry","category-minuto-a-minuto","category-zona-roja","tag-juchitan-de-zaragoza"],"jetpack_featured_media_url":"https:\/\/zonaroja.com.mx\/wp-content\/uploads\/2022\/02\/Policia-escena-seguridad-violencia-crimen.jpg","jetpack_sharing_enabled":true,"_links":{"self":[{"href":"https:\/\/zonaroja.com.mx\/index.php?rest_route=\/wp\/v2\/posts\/39529","targetHints":{"allow":["GET"]}}],"collection":[{"href":"https:\/\/zonaroja.com.mx\/index.php?rest_route=\/wp\/v2\/posts"}],"about":[{"href":"https:\/\/zonaroja.com.mx\/index.php?rest_route=\/wp\/v2\/types\/post"}],"author":[{"embeddable":true,"href":"https:\/\/zonaroja.com.mx\/index.php?rest_route=\/wp\/v2\/users\/2"}],"replies":[{"embeddable":true,"href":"https:\/\/zonaroja.com.mx\/index.php?rest_route=%2Fwp%2Fv2%2Fcomments&post=39529"}],"version-history":[{"count":1,"href":"https:\/\/zonaroja.com.mx\/index.php?rest_route=\/wp\/v2\/posts\/39529\/revisions"}],"predecessor-version":[{"id":39530,"href":"https:\/\/zonaroja.com.mx\/index.php?rest_route=\/wp\/v2\/posts\/39529\/revisions\/39530"}],"wp:featuredmedia":[{"embeddable":true,"href":"https:\/\/zonaroja.com.mx\/index.php?rest_route=\/wp\/v2\/media\/38093"}],"wp:attachment":[{"href":"https:\/\/zonaroja.com.mx\/index.php?rest_route=%2Fwp%2Fv2%2Fmedia&parent=39529"}],"wp:term":[{"taxonomy":"category","embeddable":true,"href":"https:\/\/zonaroja.com.mx\/index.php?rest_route=%2Fwp%2Fv2%2Fcategories&post=39529"},{"taxonomy":"post_tag","embeddable":true,"href":"https:\/\/zonaroja.com.mx\/index.php?rest_route=%2Fwp%2Fv2%2Ftags&post=39529"}],"curies":[{"name":"wp","href":"https:\/\/api.w.org\/{rel}","templated":true}]}}