{"id":39534,"date":"2022-04-03T08:05:31","date_gmt":"2022-04-03T13:05:31","guid":{"rendered":"http:\/\/www.zonaroja.com.mx\/?p=39534"},"modified":"2022-04-03T08:53:12","modified_gmt":"2022-04-03T13:53:12","slug":"ni-en-domingo-cesan-bloqueos-carreteros-en-oaxaca","status":"publish","type":"post","link":"https:\/\/zonaroja.com.mx\/?p=39534","title":{"rendered":"Ni en domingo cesan bloqueos carreteros en Oaxaca"},"content":{"rendered":"\n<p>Redacci\u00f3n\/Zona Roja.<\/p>\n\n\n\n<p>Oaxaca de Ju\u00e1rez, Oax., 3 de abril de 2022.- En la jornada de inicio de campa\u00f1as pol\u00edticas a la gubernatura, tambi\u00e9n est\u00e1n presentes los bloqueos carreteros.<\/p>\n\n\n\n<p>Poco despu\u00e9s de las 06:00 horas de este domingo, pobladores del fraccionamiento Dainz\u00fa, iniciaron el cierre de la v\u00eda federal 190, Oaxaca-Istmo, ene jurisdicci\u00f3n de Tlacolula de Matamoros.<\/p>\n\n\n\n<p>Seg\u00fan dieron a conocer desde hace dos d\u00edas, lo anterior es con la finalidad de que autoridades municipales y estatales concluyan la construcci\u00f3n de aulas y rehabiliten otros inmuebles de la escuela primaria de dicho fraccionamiento.<\/p>\n\n\n\n<p>Sin embargo, a pesar de la advertencia desde hace dos d\u00edas, minina autoridad del ayuntamiento o la Secretar\u00eda General de Gobierno, los llam\u00f3 al di\u00e1logo para atender y encauzar las demandas.<\/p>\n\n\n\n<p>Por el momento, el tr\u00e1nsito vehicular en esa zona, a unos 30 kil\u00f3metros al oriente de la capital, s\u00f3lo es por v\u00edas de terracer\u00eda alternas.<\/p>\n","protected":false},"excerpt":{"rendered":"<p>Redacci\u00f3n\/Zona Roja. Oaxaca de Ju\u00e1rez, Oax., 3 de abril de 2022.- En la jornada de&hellip;<\/p>\n","protected":false},"author":2,"featured_media":39536,"comment_status":"closed","ping_status":"open","sticky":false,"template":"","format":"standard","meta":{"_lmt_disableupdate":"","_lmt_disable":"","_jetpack_memberships_contains_paid_content":false,"footnotes":""},"categories":[109,47],"tags":[127],"class_list":["post-39534","post","type-post","status-publish","format-standard","has-post-thumbnail","hentry","category-minuto-a-minuto","category-zona-gris","tag-tlacolula-de-matamoros"],"jetpack_featured_media_url":"https:\/\/zonaroja.com.mx\/wp-content\/uploads\/2022\/04\/dc64518b-979e-438c-b897-59b9181a1876.jpg","jetpack_sharing_enabled":true,"_links":{"self":[{"href":"https:\/\/zonaroja.com.mx\/index.php?rest_route=\/wp\/v2\/posts\/39534","targetHints":{"allow":["GET"]}}],"collection":[{"href":"https:\/\/zonaroja.com.mx\/index.php?rest_route=\/wp\/v2\/posts"}],"about":[{"href":"https:\/\/zonaroja.com.mx\/index.php?rest_route=\/wp\/v2\/types\/post"}],"author":[{"embeddable":true,"href":"https:\/\/zonaroja.com.mx\/index.php?rest_route=\/wp\/v2\/users\/2"}],"replies":[{"embeddable":true,"href":"https:\/\/zonaroja.com.mx\/index.php?rest_route=%2Fwp%2Fv2%2Fcomments&post=39534"}],"version-history":[{"count":1,"href":"https:\/\/zonaroja.com.mx\/index.php?rest_route=\/wp\/v2\/posts\/39534\/revisions"}],"predecessor-version":[{"id":39535,"href":"https:\/\/zonaroja.com.mx\/index.php?rest_route=\/wp\/v2\/posts\/39534\/revisions\/39535"}],"wp:featuredmedia":[{"embeddable":true,"href":"https:\/\/zonaroja.com.mx\/index.php?rest_route=\/wp\/v2\/media\/39536"}],"wp:attachment":[{"href":"https:\/\/zonaroja.com.mx\/index.php?rest_route=%2Fwp%2Fv2%2Fmedia&parent=39534"}],"wp:term":[{"taxonomy":"category","embeddable":true,"href":"https:\/\/zonaroja.com.mx\/index.php?rest_route=%2Fwp%2Fv2%2Fcategories&post=39534"},{"taxonomy":"post_tag","embeddable":true,"href":"https:\/\/zonaroja.com.mx\/index.php?rest_route=%2Fwp%2Fv2%2Ftags&post=39534"}],"curies":[{"name":"wp","href":"https:\/\/api.w.org\/{rel}","templated":true}]}}