{"id":39537,"date":"2022-04-03T14:40:48","date_gmt":"2022-04-03T19:40:48","guid":{"rendered":"http:\/\/www.zonaroja.com.mx\/?p=39537"},"modified":"2022-04-03T14:40:50","modified_gmt":"2022-04-03T19:40:50","slug":"aprueba-ieepco-siete-candidaturas-a-la-gubernatura-de-oaxaca","status":"publish","type":"post","link":"https:\/\/zonaroja.com.mx\/?p=39537","title":{"rendered":"Aprueba IEEPCO siete candidaturas a la gubernatura de Oaxaca"},"content":{"rendered":"\n<p>Redacci\u00f3n\/Zona Roja.<\/p>\n\n\n\n<p>Oaxaca de Ju\u00e1rez, Oax., 3 de abril de 2022.- El Instituto Estatal Electoral y de Participaci\u00f3n Ciudadana de Oaxaca (IEEPCO) aprob\u00f3 el registro de siete candidaturas a la gubernatura del estado, mismas que fueron postuladas por los diferentes partidos pol\u00edticos ya sea de manera unitaria, candidatura com\u00fan o coalici\u00f3n, as\u00ed como las candidaturas independientes ind\u00edgenas.<\/p>\n\n\n\n<p>As\u00ed lo determin\u00f3 por unanimidad el Consejo General conformado por la consejera presidenta, Elizabeth S\u00e1nchez Gonz\u00e1lez; las consejeras electorales Carmelita Sibaja Ochoa, Jessica Jazibe Hern\u00e1ndez Garc\u00eda, Nayma Enr\u00edquez Estrada y Zaira Alhel\u00ed Hip\u00f3lito L\u00f3pez; as\u00ed como los consejeros electorales Alejandro Carrasco Sampedro y Wilfrido Lulio Almaraz Santib\u00e1\u00f1ez. &nbsp;<\/p>\n\n\n\n<p>Conforme al acuerdo fueron aprobadas las candidaturas de Antonia Natividad D\u00edaz Jim\u00e9nez, postulada por el PAN; Alejandro Avil\u00e9s \u00c1lvarez, postulado por el PRI y PRD en candidatura com\u00fan; Salom\u00f3n Jara Cruz, postulado por la coalici\u00f3n PT-PVEM-PUP-Morena; Dulce Alejandra Garc\u00eda Morl\u00e1n, postulada por MC; y Bershain Asael L\u00f3pez L\u00f3pez, postulado por PNAO.<\/p>\n\n\n\n<p>As\u00ed mismo fueron aprobadas las candidaturas independientes ind\u00edgenas de Mauricio Cruz Vargas, postulado por la Uni\u00f3n de Autoridades de los Pueblos Originarios A.C.; y Jes\u00fas L\u00f3pez Rodr\u00edguez por la asociaci\u00f3n civil Diki Yuku Andivi. &nbsp;<\/p>\n\n\n\n<p>Las candidatas y candidatos aprobados por el IEEPCO podr\u00e1n iniciar sus actividades de proselitismo a partir de este domingo 3 de abril y hasta el primero de junio, tal y como se establece en el Calendario Electoral del Proceso Electoral Local Ordinario 2021-2022 y de conformidad con lo dispuesto en el art\u00edculo 185, p\u00e1rrafo 3 de la LIPEEO.<\/p>\n\n\n\n<p>Al respecto, la consejera electoral Zaira Hip\u00f3lito L\u00f3pez hizo hincapi\u00e9 que, con la aprobaci\u00f3n de dos candidaturas independientes ind\u00edgenas, se materializa una demanda hist\u00f3rica de los pueblos y comunidades de Oaxaca, por lo que pidi\u00f3 que una vez aprobadas dichas candidaturas sean tratadas con respeto.<\/p>\n\n\n\n<p>De igual manera, enfatiz\u00f3 que la contienda a la gubernatura requiere elevar el debate en beneficio de la ciudadan\u00eda oaxaque\u00f1a, de los pueblos y comunidades ind\u00edgenas y afromexicanos, y de las mujeres.<\/p>\n\n\n\n<p>En la misma sesi\u00f3n extraordinaria, el Consejo General del IEEPCO aprob\u00f3 las cifras espec\u00edficas del financiamiento p\u00fablico para gasto de campa\u00f1a que recibir\u00e1n los candidatos independientes ind\u00edgenas, misma que consta de 881,449.485 para cada uno. &nbsp;<\/p>\n\n\n\n<p>As\u00ed mismo, se determin\u00f3 como l\u00edmite de financiamiento privado la cifra de 43,191,024.765 para cada uno y el l\u00edmite de aportaci\u00f3n individual de simpatizantes de 220,362.37 para ambas candidaturas. &nbsp;<\/p>\n\n\n\n<p>Finalmente, se aprob\u00f3 la fecha y hora de inicio para la publicaci\u00f3n de los datos e im\u00e1genes digitalizadas de los resultados electorales preliminares, misma que se realizar\u00e1 a partir de las 20:00 del d\u00eda 05 de junio de 2022 y la \u00faltima actualizaci\u00f3n de datos e im\u00e1genes de dichos resultados se realizar\u00e1 06 de junio de 2022 a las 20:00 horas.<\/p>\n\n\n\n<p>Lo anterior, pudiendo cerrar la publicaci\u00f3n antes del plazo se\u00f1alado siempre y cuando se logre el 100% del registro de las Actas PREP esperadas y se hayan agotado los recursos de recuperaci\u00f3n de las mismas.<\/p>\n","protected":false},"excerpt":{"rendered":"<p>Redacci\u00f3n\/Zona Roja. Oaxaca de Ju\u00e1rez, Oax., 3 de abril de 2022.- El Instituto Estatal Electoral&hellip;<\/p>\n","protected":false},"author":2,"featured_media":39538,"comment_status":"closed","ping_status":"open","sticky":false,"template":"","format":"standard","meta":{"_lmt_disableupdate":"","_lmt_disable":"","_jetpack_memberships_contains_paid_content":false,"footnotes":""},"categories":[109,46],"tags":[2932],"class_list":["post-39537","post","type-post","status-publish","format-standard","has-post-thumbnail","hentry","category-minuto-a-minuto","category-zona-blanca","tag-instituto-estatal-electoral-y-de-participacion-ciudadana-de-oaxaca-ieepco"],"jetpack_featured_media_url":"https:\/\/zonaroja.com.mx\/wp-content\/uploads\/2022\/04\/Sesion-IEEPCO.jpg","jetpack_sharing_enabled":true,"_links":{"self":[{"href":"https:\/\/zonaroja.com.mx\/index.php?rest_route=\/wp\/v2\/posts\/39537","targetHints":{"allow":["GET"]}}],"collection":[{"href":"https:\/\/zonaroja.com.mx\/index.php?rest_route=\/wp\/v2\/posts"}],"about":[{"href":"https:\/\/zonaroja.com.mx\/index.php?rest_route=\/wp\/v2\/types\/post"}],"author":[{"embeddable":true,"href":"https:\/\/zonaroja.com.mx\/index.php?rest_route=\/wp\/v2\/users\/2"}],"replies":[{"embeddable":true,"href":"https:\/\/zonaroja.com.mx\/index.php?rest_route=%2Fwp%2Fv2%2Fcomments&post=39537"}],"version-history":[{"count":1,"href":"https:\/\/zonaroja.com.mx\/index.php?rest_route=\/wp\/v2\/posts\/39537\/revisions"}],"predecessor-version":[{"id":39539,"href":"https:\/\/zonaroja.com.mx\/index.php?rest_route=\/wp\/v2\/posts\/39537\/revisions\/39539"}],"wp:featuredmedia":[{"embeddable":true,"href":"https:\/\/zonaroja.com.mx\/index.php?rest_route=\/wp\/v2\/media\/39538"}],"wp:attachment":[{"href":"https:\/\/zonaroja.com.mx\/index.php?rest_route=%2Fwp%2Fv2%2Fmedia&parent=39537"}],"wp:term":[{"taxonomy":"category","embeddable":true,"href":"https:\/\/zonaroja.com.mx\/index.php?rest_route=%2Fwp%2Fv2%2Fcategories&post=39537"},{"taxonomy":"post_tag","embeddable":true,"href":"https:\/\/zonaroja.com.mx\/index.php?rest_route=%2Fwp%2Fv2%2Ftags&post=39537"}],"curies":[{"name":"wp","href":"https:\/\/api.w.org\/{rel}","templated":true}]}}