{"id":39541,"date":"2022-04-03T15:09:39","date_gmt":"2022-04-03T20:09:39","guid":{"rendered":"http:\/\/www.zonaroja.com.mx\/?p=39541"},"modified":"2022-04-03T15:32:26","modified_gmt":"2022-04-03T20:32:26","slug":"eleccion-de-dos-proyectos-para-la-gubernatura-transformacion-o-mas-de-lo-mismo-jara","status":"publish","type":"post","link":"https:\/\/zonaroja.com.mx\/?p=39541","title":{"rendered":"Elecci\u00f3n de dos proyectos para la gubernatura: transformaci\u00f3n o m\u00e1s de lo mismo: Jara"},"content":{"rendered":"\n<p>Yuridiana Sosa\/Zona Roja.<\/p>\n\n\n\n<p>Oaxaca de Ju\u00e1rez, Oax., 3 de abril de 2022.- El candidato de la coalici\u00f3n \u201cJuntos hacemos historia en Oaxaca\u201d, Salom\u00f3n Jara Cruz, asever\u00f3 que en la actual elecci\u00f3n a gobernador se decidir\u00e1 el futuro de Oaxaca, con la consolidaci\u00f3n de la transformaci\u00f3n o en continuar con la misma ruta de gobiernos en corrupci\u00f3n.<\/p>\n\n\n\n<p>\u201cEs una contienda de dos proyectos, de m\u00e1s de lo mismo, de privilegios, corrupci\u00f3n, el viejo r\u00e9gimen, modelo caduco, o el de un gobierno pr\u00f3spero, de igualdad y bienestar, un modelo nuevo\u201d se\u00f1al\u00f3 Jara Cruz durante su arranque de campa\u00f1a con una conferencia de prensa desde Guelatao de Ju\u00e1rez, en la regi\u00f3n de Sierra Norte.<\/p>\n\n\n\n<p>\u201c\u00a1Gobernador!, \u00a1gobernador!, \u00a1gobernador!\u201d, vitorearon los acompa\u00f1antes del candidato en su arribo al encuentro<\/p>\n\n\n\n<p>con la prensa, en la que tambi\u00e9n estuvieron presentes las dirigencias de los partidos Morena-PVEM-PT-PUP que conforman el proyecto com\u00fan.&nbsp;<\/p>\n\n\n\n<p>Jara Cruz se\u00f1al\u00f3 que es la oportunidad para que Oaxaca forme parte del proceso de la transformaci\u00f3n de la vida p\u00fablica en M\u00e9xico.<\/p>\n\n\n\n<figure class=\"wp-block-embed is-type-rich is-provider-twitter wp-block-embed-twitter\"><div class=\"wp-block-embed__wrapper\">\n<div class=\"twitter-tweet\"><blockquote class=\"twitter-tweet\" data-lang=\"es\"><p lang=\"es\" dir=\"ltr\">Es una contienda de dos proyectos, privilegios y corrupci\u00f3n, del viejo r\u00e9gimen ya caduco, o un r\u00e9gimen pr\u00f3spero, de igualdad, de bienestar, afirm\u00f3 <a href=\"https:\/\/twitter.com\/salomonj?ref_src=twsrc%5Etfw\">@salomonj<\/a> al iniciar en Guelatao su campa\u00f1a pol\u00edtica por la gubernatura de <a href=\"https:\/\/twitter.com\/hashtag\/Oaxaca?src=hash&amp;ref_src=twsrc%5Etfw\">#Oaxaca<\/a>. <a href=\"https:\/\/t.co\/BxtYIdVg0q\">pic.twitter.com\/BxtYIdVg0q<\/a><\/p>&mdash; Zona Roja Oaxaca (@ZonaRoja_Oaxaca) <a href=\"https:\/\/twitter.com\/ZonaRoja_Oaxaca\/status\/1510676452026507271?ref_src=twsrc%5Etfw\">3 de abril de 2022<\/a><\/blockquote><\/div>\n<\/div><\/figure>\n\n\n\n<p>CAMPA\u00d1A DE UNIDAD<\/p>\n\n\n\n<p>El candidato a gobernador de Oaxaca apunt\u00f3 que por su cuenta, protagonizar\u00e1n una campa\u00f1a de unidad, participativa con debates, dejando a un lado la guerra sucia, pero sin descuidar las posibles acciones ilegales de sus contrincantes.<\/p>\n\n\n\n<p>Jara Cruz destac\u00f3 que ya ha hablado con todos los actores pol\u00edticos que integran la alianza para desarrollar una campa\u00f1a en unidad.<\/p>\n\n\n\n<p>Para dar a conocer sus propuestas, apunt\u00f3 su disposici\u00f3n para participar en los debates que organicen los \u00f3rganos electorales, pero tambi\u00e9n continuar\u00e1 durante los 60 d\u00edas de campa\u00f1a su ejercicio de visitar los municipios, contemplando por ahora 200, luego que ya ha recorrido tres veces los 570 municipios durante sus trabajos como senador y diputado federal.<\/p>\n\n\n\n<p>En este proceso de campa\u00f1a la coalici\u00f3n \u201cJuntos hacemos historia en Oaxaca\u201d, tambi\u00e9n estar\u00e1 pendiente de las acciones que desde el Gobierno del Estado realicen a favor del candidato del PRI-PRD, Alejandro Avil\u00e9s \u00c1lvarez, principalmente para la compra de votos.<\/p>\n\n\n\n<p>Tras la conferencia, el candidato inici\u00f3 una gira en algunos municipios de la Sierra Norte, como Ixtl\u00e1n de Ju\u00e1rez. Mientras que previo a la cita con los medios, realiz\u00f3 un homenaje en honor a Benito Ju\u00e1rez en el monumento al Benem\u00e9rito de las Am\u00e9ricas en Guelatao.&nbsp;<\/p>\n\n\n\n<p>Cada semana Salom\u00f3n Jara ofrecer\u00e1 una conferencia de prensa para dar a conocer las propuestas que proyecta para su gobierno, inform\u00f3.&nbsp;<\/p>\n","protected":false},"excerpt":{"rendered":"<p>Yuridiana Sosa\/Zona Roja. Oaxaca de Ju\u00e1rez, Oax., 3 de abril de 2022.- El candidato de&hellip;<\/p>\n","protected":false},"author":2,"featured_media":39552,"comment_status":"closed","ping_status":"open","sticky":false,"template":"","format":"standard","meta":{"_lmt_disableupdate":"","_lmt_disable":"","_jetpack_memberships_contains_paid_content":false,"footnotes":""},"categories":[109,46],"tags":[2879,939],"class_list":["post-39541","post","type-post","status-publish","format-standard","has-post-thumbnail","hentry","category-minuto-a-minuto","category-zona-blanca","tag-elecciones-oaxaca-2022","tag-salomon-jara-cruz"],"jetpack_featured_media_url":"https:\/\/zonaroja.com.mx\/wp-content\/uploads\/2022\/04\/Salomon-Jara-inicio-Guelatao.jpg","jetpack_sharing_enabled":true,"_links":{"self":[{"href":"https:\/\/zonaroja.com.mx\/index.php?rest_route=\/wp\/v2\/posts\/39541","targetHints":{"allow":["GET"]}}],"collection":[{"href":"https:\/\/zonaroja.com.mx\/index.php?rest_route=\/wp\/v2\/posts"}],"about":[{"href":"https:\/\/zonaroja.com.mx\/index.php?rest_route=\/wp\/v2\/types\/post"}],"author":[{"embeddable":true,"href":"https:\/\/zonaroja.com.mx\/index.php?rest_route=\/wp\/v2\/users\/2"}],"replies":[{"embeddable":true,"href":"https:\/\/zonaroja.com.mx\/index.php?rest_route=%2Fwp%2Fv2%2Fcomments&post=39541"}],"version-history":[{"count":1,"href":"https:\/\/zonaroja.com.mx\/index.php?rest_route=\/wp\/v2\/posts\/39541\/revisions"}],"predecessor-version":[{"id":39543,"href":"https:\/\/zonaroja.com.mx\/index.php?rest_route=\/wp\/v2\/posts\/39541\/revisions\/39543"}],"wp:featuredmedia":[{"embeddable":true,"href":"https:\/\/zonaroja.com.mx\/index.php?rest_route=\/wp\/v2\/media\/39552"}],"wp:attachment":[{"href":"https:\/\/zonaroja.com.mx\/index.php?rest_route=%2Fwp%2Fv2%2Fmedia&parent=39541"}],"wp:term":[{"taxonomy":"category","embeddable":true,"href":"https:\/\/zonaroja.com.mx\/index.php?rest_route=%2Fwp%2Fv2%2Fcategories&post=39541"},{"taxonomy":"post_tag","embeddable":true,"href":"https:\/\/zonaroja.com.mx\/index.php?rest_route=%2Fwp%2Fv2%2Ftags&post=39541"}],"curies":[{"name":"wp","href":"https:\/\/api.w.org\/{rel}","templated":true}]}}