{"id":39547,"date":"2022-04-03T15:24:04","date_gmt":"2022-04-03T20:24:04","guid":{"rendered":"http:\/\/www.zonaroja.com.mx\/?p=39547"},"modified":"2022-04-03T15:24:06","modified_gmt":"2022-04-03T20:24:06","slug":"reactivacion-del-mupo-fortalece-el-baluarte-de-la-cultura-en-oaxaca","status":"publish","type":"post","link":"https:\/\/zonaroja.com.mx\/?p=39547","title":{"rendered":"Reactivaci\u00f3n del MUPO fortalece el baluarte de la cultura en Oaxaca"},"content":{"rendered":"\n<p>Yuridiana Sosa\/Zona Roja<\/p>\n\n\n\n<p>Oaxaca de Ju\u00e1rez, Oax., 03 de abril de 2023.- En el proceso de la reactivaci\u00f3n de actividades culturales en la entidad, el Museo de los Pintores Oaxaque\u00f1os (MUPO) abri\u00f3 nuevamente sus puertas al p\u00fablico, donde durante abril se podr\u00e1 conocer las obras del artista visual Jos\u00e9 Santos.<\/p>\n\n\n\n<p>El MUPO dedica el cuarto mes de este 2022 al artista oaxaque\u00f1o Jos\u00e9 Santos, quien inaugur\u00f3 este fin de semana su exposici\u00f3n basada en tres piezas de cer\u00e1mica bajo la t\u00e9cnica japonesa rak\u00fa, las cuales fueron realizadas entre el 2019 y 2020, antes que la pandemia golpear\u00e1 fuertemente al mundo.<\/p>\n\n\n\n<p>La exposici\u00f3n actual consta de un semijarrones, vasijas y contenedores que resaltan la t\u00e9cnica y caracter\u00edsticas de las obras de Santos, en las que en diversas ocasiones resalta apariencias rupestres en sus pinturas, grabados, cer\u00e1mica o esculturas.<\/p>\n\n\n\n<p>El arte del artista oaxaque\u00f1o tambi\u00e9n ha resaltado por su multiculturalidad, pues mantiene la esencia de sus ra\u00edces, pero tambi\u00e9n resalta su experiencia art\u00edstica y cultural de europea al radicar en Londres por m\u00e1s de 20 a\u00f1os.<\/p>\n\n\n\n<p>Jos\u00e9 Santos agradeci\u00f3 la invitaci\u00f3n del MUPO para estar presente por medio de su obra en Oaxaca.<\/p>\n\n\n\n<p>Reconoci\u00f3 que en muchas ocasiones su arte tiene est\u00e9ticas poco tradicionales, pero finalmente siempre tienen la esencia del artista.<\/p>\n\n\n\n<p>El p\u00fablico que visite el MUPO, ubicado sobre la avenida Independencia frente a la Alameda de Le\u00f3n en el Centro Hist\u00f3rico de Oaxaca, tambi\u00e9n podr\u00e1 apreciar otras obras y exposiciones de gran inter\u00e9s.<\/p>\n\n\n\n<figure class=\"wp-block-embed is-type-rich is-provider-twitter wp-block-embed-twitter\"><div class=\"wp-block-embed__wrapper\">\n<div class=\"twitter-tweet\"><blockquote class=\"twitter-tweet\" data-lang=\"es\"><p lang=\"es\" dir=\"ltr\"><a href=\"https:\/\/twitter.com\/hashtag\/ENVIVO?src=hash&amp;ref_src=twsrc%5Etfw\">#ENVIVO<\/a><br>Oaxaca de Ju\u00e1rez, Oax., 1 de abril de 2023.- Inaguraci\u00f3n de exposici\u00f3n piezas del mes, de Jos\u00e9 Santos, en el Museo de los Pintores Oaxaque\u00f1os.<br><br>Aqu\u00ed la transmisi\u00f3n:<br>\ud83d\udc47<a href=\"https:\/\/t.co\/50vT6SUkow\">https:\/\/t.co\/50vT6SUkow<\/a> <a href=\"https:\/\/t.co\/GaSzoeLfy1\">pic.twitter.com\/GaSzoeLfy1<\/a><\/p>&mdash; Zona Roja Oaxaca (@ZonaRoja_Oaxaca) <a href=\"https:\/\/twitter.com\/ZonaRoja_Oaxaca\/status\/1510041836378857478?ref_src=twsrc%5Etfw\">1 de abril de 2022<\/a><\/blockquote><\/div>\n<\/div><\/figure>\n","protected":false},"excerpt":{"rendered":"<p>Yuridiana Sosa\/Zona Roja Oaxaca de Ju\u00e1rez, Oax., 03 de abril de 2023.- En el proceso&hellip;<\/p>\n","protected":false},"author":2,"featured_media":39545,"comment_status":"closed","ping_status":"open","sticky":false,"template":"","format":"standard","meta":{"_lmt_disableupdate":"","_lmt_disable":"","_jetpack_memberships_contains_paid_content":false,"footnotes":""},"categories":[109,46],"tags":[3091],"class_list":["post-39547","post","type-post","status-publish","format-standard","has-post-thumbnail","hentry","category-minuto-a-minuto","category-zona-blanca","tag-pintor-jose-santos"],"jetpack_featured_media_url":"https:\/\/zonaroja.com.mx\/wp-content\/uploads\/2022\/04\/Jose-Santos-pintor-escultor.jpg","jetpack_sharing_enabled":true,"_links":{"self":[{"href":"https:\/\/zonaroja.com.mx\/index.php?rest_route=\/wp\/v2\/posts\/39547","targetHints":{"allow":["GET"]}}],"collection":[{"href":"https:\/\/zonaroja.com.mx\/index.php?rest_route=\/wp\/v2\/posts"}],"about":[{"href":"https:\/\/zonaroja.com.mx\/index.php?rest_route=\/wp\/v2\/types\/post"}],"author":[{"embeddable":true,"href":"https:\/\/zonaroja.com.mx\/index.php?rest_route=\/wp\/v2\/users\/2"}],"replies":[{"embeddable":true,"href":"https:\/\/zonaroja.com.mx\/index.php?rest_route=%2Fwp%2Fv2%2Fcomments&post=39547"}],"version-history":[{"count":1,"href":"https:\/\/zonaroja.com.mx\/index.php?rest_route=\/wp\/v2\/posts\/39547\/revisions"}],"predecessor-version":[{"id":39548,"href":"https:\/\/zonaroja.com.mx\/index.php?rest_route=\/wp\/v2\/posts\/39547\/revisions\/39548"}],"wp:featuredmedia":[{"embeddable":true,"href":"https:\/\/zonaroja.com.mx\/index.php?rest_route=\/wp\/v2\/media\/39545"}],"wp:attachment":[{"href":"https:\/\/zonaroja.com.mx\/index.php?rest_route=%2Fwp%2Fv2%2Fmedia&parent=39547"}],"wp:term":[{"taxonomy":"category","embeddable":true,"href":"https:\/\/zonaroja.com.mx\/index.php?rest_route=%2Fwp%2Fv2%2Fcategories&post=39547"},{"taxonomy":"post_tag","embeddable":true,"href":"https:\/\/zonaroja.com.mx\/index.php?rest_route=%2Fwp%2Fv2%2Ftags&post=39547"}],"curies":[{"name":"wp","href":"https:\/\/api.w.org\/{rel}","templated":true}]}}