{"id":39553,"date":"2022-04-03T19:07:42","date_gmt":"2022-04-04T00:07:42","guid":{"rendered":"https:\/\/www.zonaroja.com.mx\/?p=39553"},"modified":"2022-04-03T19:07:45","modified_gmt":"2022-04-04T00:07:45","slug":"aviles-o-vamos-por-el-futuro-en-alianza-o-que-morena-destroce-al-estado","status":"publish","type":"post","link":"https:\/\/zonaroja.com.mx\/?p=39553","title":{"rendered":"Avil\u00e9s: o vamos por el futuro en alianza o que Morena destroce al estado"},"content":{"rendered":"\n<p>Yuridiana Sosa\/Zona Roja.<\/p>\n\n\n\n<p>Oaxaca de Ju\u00e1rez, Oax.- 3 de abril de 2022.- Entre cientos de ciudadanos, Alejandro Avil\u00e9s \u00c1lvarez (AAA), candidato com\u00fan del PRI-PRD, arranc\u00f3 su campa\u00f1a a la gubernatura de Oaxaca desde la capital del estado.<\/p>\n\n\n\n<p>\u201cAl triple por Oaxaca\u201d vitorearon los acompa\u00f1antes del candidato, militancia y dirigentes de ambos partidos, durante la caminata que realizaron de la Alameda de Le\u00f3n a la Plaza de la Danza, donde cientos m\u00e1s lo recibieron entre aplausos, porras, fotos y m\u00fasica.<\/p>\n\n\n\n<p>La apertura de campa\u00f1a de Avil\u00e9s \u00c1lvarez, que finaliza hasta el 1 de junio, fue una fiesta. Al lugar lleg\u00f3 el mandatario estatal, Alejandro Murat -considerado el primer pri\u00edsta en Oaxaca- y hasta morenista que gritaron \u201cYo vot\u00e9 por Andr\u00e9s, pero en Oaxaca votar\u00e9 por Avil\u00e9s\u201d.<\/p>\n\n\n\n<p>\u201cSolo hay dos opciones de gobierno, por un lado Morena que ya destroz\u00f3 la capital y los municipios donde ha gobernado y ahora quiere venir a destrozar el estado, pero todos juntos no lo vamos a permitir, o la opci\u00f3n del futuro y la alianza, luchemos por Oaxaca\u201d destac\u00f3 en su mensaje Alejandro Avil\u00e9s.<\/p>\n\n\n\n<p>El candidato destac\u00f3 que en este lado de la contienda hay unidad, as\u00ed como un trabajo intenso que se reforzar\u00e1 en las regiones desde la misma militancia.<\/p>\n\n\n\n<p>\u201cHa llegado el d\u00eda de subirse al ring, de enfrentarse a la pelea contra la pobreza, de mandar a la lona a la desigualdad, por eso me comprometo por ustedes tener un gobierno por y para los oaxaque\u00f1os\u201d, agreg\u00f3.<\/p>\n\n\n\n<p>Durante su discurso tambi\u00e9n se comprometi\u00f3 a que Oaxaca obtendr\u00e1 recursos al triple y regresar\u00e1 los programas que desde gobierno federal se eliminaron, pero los cuales se implementar\u00e1n en Oaxaca con apoyos multiplicados.<\/p>\n\n\n\n<p>Mencion\u00f3 su compromiso con las madres y jefas de familia, los campesinos, adultos mayores, personas con discapacidad, adultos mayores, j\u00f3venes, empresarios y emprendedores, as\u00ed como por artesanos, personas de la diversidad sexual y de la poblaci\u00f3n afromexicana, para que a cada ciudadano y ciudadana le sean respetados sus derechos humanos, de trabajo, de una vida digna.<\/p>\n\n\n\n<p>As\u00ed como se comprometi\u00f3 con recursos al triple para garantizar la seguridad p\u00fablica, los servicios de salud y educaci\u00f3n .<br><\/p>\n\n\n\n<p>\u201cTriple A, hermano, Oaxaca te da la mano\u201d \u201cAvil\u00e9s, gobernador\u201d , fueron otras de las porras para el candidato durante su arribo y en medio de su mensaje, pero entre las que tambi\u00e9n se solt\u00f3 al un\u00edsono \u201cpresidente, presidente, presidente\u201d, dedicada al actual gobernador al momento de ser presentado y levantarle la mano al candidato.<\/p>\n","protected":false},"excerpt":{"rendered":"<p>Yuridiana Sosa\/Zona Roja. Oaxaca de Ju\u00e1rez, Oax.- 3 de abril de 2022.- Entre cientos de&hellip;<\/p>\n","protected":false},"author":2,"featured_media":39544,"comment_status":"closed","ping_status":"open","sticky":false,"template":"","format":"standard","meta":{"_lmt_disableupdate":"","_lmt_disable":"","_jetpack_memberships_contains_paid_content":false,"footnotes":""},"categories":[109,46],"tags":[],"class_list":["post-39553","post","type-post","status-publish","format-standard","has-post-thumbnail","hentry","category-minuto-a-minuto","category-zona-blanca"],"jetpack_featured_media_url":"https:\/\/zonaroja.com.mx\/wp-content\/uploads\/2022\/04\/Alejandro-Aviles-y-Murat-inicio-campana.jpg","jetpack_sharing_enabled":true,"_links":{"self":[{"href":"https:\/\/zonaroja.com.mx\/index.php?rest_route=\/wp\/v2\/posts\/39553","targetHints":{"allow":["GET"]}}],"collection":[{"href":"https:\/\/zonaroja.com.mx\/index.php?rest_route=\/wp\/v2\/posts"}],"about":[{"href":"https:\/\/zonaroja.com.mx\/index.php?rest_route=\/wp\/v2\/types\/post"}],"author":[{"embeddable":true,"href":"https:\/\/zonaroja.com.mx\/index.php?rest_route=\/wp\/v2\/users\/2"}],"replies":[{"embeddable":true,"href":"https:\/\/zonaroja.com.mx\/index.php?rest_route=%2Fwp%2Fv2%2Fcomments&post=39553"}],"version-history":[{"count":1,"href":"https:\/\/zonaroja.com.mx\/index.php?rest_route=\/wp\/v2\/posts\/39553\/revisions"}],"predecessor-version":[{"id":39554,"href":"https:\/\/zonaroja.com.mx\/index.php?rest_route=\/wp\/v2\/posts\/39553\/revisions\/39554"}],"wp:featuredmedia":[{"embeddable":true,"href":"https:\/\/zonaroja.com.mx\/index.php?rest_route=\/wp\/v2\/media\/39544"}],"wp:attachment":[{"href":"https:\/\/zonaroja.com.mx\/index.php?rest_route=%2Fwp%2Fv2%2Fmedia&parent=39553"}],"wp:term":[{"taxonomy":"category","embeddable":true,"href":"https:\/\/zonaroja.com.mx\/index.php?rest_route=%2Fwp%2Fv2%2Fcategories&post=39553"},{"taxonomy":"post_tag","embeddable":true,"href":"https:\/\/zonaroja.com.mx\/index.php?rest_route=%2Fwp%2Fv2%2Ftags&post=39553"}],"curies":[{"name":"wp","href":"https:\/\/api.w.org\/{rel}","templated":true}]}}