{"id":39555,"date":"2022-04-03T21:37:14","date_gmt":"2022-04-04T02:37:14","guid":{"rendered":"http:\/\/www.zonaroja.com.mx\/?p=39555"},"modified":"2022-04-03T21:37:16","modified_gmt":"2022-04-04T02:37:16","slug":"registro-oaxaca-en-ultima-semana-137-contagios-de-covid-y-7-defunciones","status":"publish","type":"post","link":"https:\/\/zonaroja.com.mx\/?p=39555","title":{"rendered":"Registr\u00f3 Oaxaca en \u00faltima semana 137 contagios de Covid y 7 defunciones"},"content":{"rendered":"\n<p>Redacci\u00f3n\/Zona Roja.<\/p>\n\n\n\n<p>Oaxaca de Ju\u00e1rez, Oax., 3 de abril de 2022.- Durante el per\u00edodo comprendido del 27 de marzo al 2 de abril, Oaxaca registr\u00f3 un acumulado de 119 mil 448 casos confirmados de Covid-19, observando una disminuci\u00f3n, pasando de 358 casos a 137 registros esta semana.<\/p>\n\n\n\n<p>En tanto, el promedio de ocupaci\u00f3n hospitalaria para la atenci\u00f3n a pacientes con complicaciones derivadas de esta enfermedad fue de 9.2%. Adem\u00e1s, se notificaron siete decesos a causa de esta patolog\u00eda respiratoria, informaron los Servicios de Salud de la entidad.<\/p>\n\n\n\n<p>En un comunicado, detallaron que a partir del lunes 4 y hasta el domingo 17 de abril, nuevamente Oaxaca estar\u00e1 en color verde del Sem\u00e1foro de Riesgo Epid\u00e9mico COVID-19.<\/p>\n\n\n\n<p>Sin embargo, la dependencia precis\u00f3 que es necesario que toda la poblaci\u00f3n aplique correctamente las medidas preventivas vigentes desde el inicio de la pandemia, como son: usar cubrebocas, mantener la sana distancia de 1.5 metros entre personas, lavar frecuentemente las manos con agua y jab\u00f3n, ventilar los espacios cerrados, evitar aglomeraciones, completar el esquema de vacunaci\u00f3n y aplicarse la dosis de refuerzo.<\/p>\n\n\n\n<p>Siguiendo la Estrategia de la Pol\u00edtica Nacional de Vacunaci\u00f3n contra el virus SARS-CoV-2 para la prevenci\u00f3n de la Covid-19 en M\u00e9xico, en los \u00faltimos d\u00edas en el territorio estatal se aplicaron 25 mil 859 dosis de los biol\u00f3gicos AstraZeneca, Pfizer BioNTech, Sinovac y Cansino.<\/p>\n\n\n\n<p>La instituci\u00f3n enfatiz\u00f3 que a\u00fan cuando los contagios, casos activos, hospitalizaciones y defunciones se han reducido dr\u00e1sticamente, la poblaci\u00f3n no debe confiarse, ni bajar la guardia. La pandemia sigue activa, por lo cual las familias oaxaque\u00f1as deben ser solidarios y mantener las medidas higi\u00e9nicas.&nbsp;<\/p>\n","protected":false},"excerpt":{"rendered":"<p>Redacci\u00f3n\/Zona Roja. Oaxaca de Ju\u00e1rez, Oax., 3 de abril de 2022.- Durante el per\u00edodo comprendido&hellip;<\/p>\n","protected":false},"author":2,"featured_media":39556,"comment_status":"closed","ping_status":"open","sticky":false,"template":"","format":"standard","meta":{"_lmt_disableupdate":"","_lmt_disable":"","_jetpack_memberships_contains_paid_content":false,"footnotes":""},"categories":[109,47],"tags":[1512],"class_list":["post-39555","post","type-post","status-publish","format-standard","has-post-thumbnail","hentry","category-minuto-a-minuto","category-zona-gris","tag-coronavirus-oaxaca"],"jetpack_featured_media_url":"https:\/\/zonaroja.com.mx\/wp-content\/uploads\/2022\/04\/Gente-Covid-Oaxaca-.jpg","jetpack_sharing_enabled":true,"_links":{"self":[{"href":"https:\/\/zonaroja.com.mx\/index.php?rest_route=\/wp\/v2\/posts\/39555","targetHints":{"allow":["GET"]}}],"collection":[{"href":"https:\/\/zonaroja.com.mx\/index.php?rest_route=\/wp\/v2\/posts"}],"about":[{"href":"https:\/\/zonaroja.com.mx\/index.php?rest_route=\/wp\/v2\/types\/post"}],"author":[{"embeddable":true,"href":"https:\/\/zonaroja.com.mx\/index.php?rest_route=\/wp\/v2\/users\/2"}],"replies":[{"embeddable":true,"href":"https:\/\/zonaroja.com.mx\/index.php?rest_route=%2Fwp%2Fv2%2Fcomments&post=39555"}],"version-history":[{"count":1,"href":"https:\/\/zonaroja.com.mx\/index.php?rest_route=\/wp\/v2\/posts\/39555\/revisions"}],"predecessor-version":[{"id":39557,"href":"https:\/\/zonaroja.com.mx\/index.php?rest_route=\/wp\/v2\/posts\/39555\/revisions\/39557"}],"wp:featuredmedia":[{"embeddable":true,"href":"https:\/\/zonaroja.com.mx\/index.php?rest_route=\/wp\/v2\/media\/39556"}],"wp:attachment":[{"href":"https:\/\/zonaroja.com.mx\/index.php?rest_route=%2Fwp%2Fv2%2Fmedia&parent=39555"}],"wp:term":[{"taxonomy":"category","embeddable":true,"href":"https:\/\/zonaroja.com.mx\/index.php?rest_route=%2Fwp%2Fv2%2Fcategories&post=39555"},{"taxonomy":"post_tag","embeddable":true,"href":"https:\/\/zonaroja.com.mx\/index.php?rest_route=%2Fwp%2Fv2%2Ftags&post=39555"}],"curies":[{"name":"wp","href":"https:\/\/api.w.org\/{rel}","templated":true}]}}