{"id":3956,"date":"2019-09-14T09:52:31","date_gmt":"2019-09-14T14:52:31","guid":{"rendered":"http:\/\/www.zonaroja.com.mx\/?p=3956"},"modified":"2019-09-14T09:52:33","modified_gmt":"2019-09-14T14:52:33","slug":"aumenta-en-39-militarizacion-en-oaxaca-durante-gobierno-de-amlo","status":"publish","type":"post","link":"https:\/\/zonaroja.com.mx\/?p=3956","title":{"rendered":"Aumenta en 39% militarizaci\u00f3n en Oaxaca, durante gobierno de AMLO"},"content":{"rendered":"\n<p>Redacci\u00f3n\/Zona\nRoja Cdmx.<\/p>\n\n\n\n<p>Ciudad de\nM\u00e9xico, 14 de septiembre de 2019.- En lo que va del gobierno de Andr\u00e9s Manuel\nL\u00f3pez Obrador, el despliegue de tropas del Ej\u00e9rcito Mexicano ha aumentado de manera\nsignificativa en el pa\u00eds.<\/p>\n\n\n\n<p>En el caso\nde Oaxaca, en la Octava Regi\u00f3n, cuya sede del cuartel est\u00e1 en Santa Mar\u00eda\nIxcotel, Santa Luc\u00eda del Camino, se increment\u00f3 en un 39 por ciento: los\nefectivos pasaron de dos mil 816 a tres mil 932.<\/p>\n\n\n\n<p>De acuerdo con\nun reportaje del peri\u00f3dico \u201cReforma\u201d, en los nueve meses del mandato del actual\nPresidente de M\u00e9xico han sido movilizados casi 63 mil militares sin contar los\n30 mil que est\u00e1n siendo habilitados para la Guardia Nacional.<\/p>\n\n\n\n<p>Esto\nsignifica 14 por ciento m\u00e1s de los desplazados en el Gobierno de Enrique Pe\u00f1a\nNieto o 19 por ciento frente al de Felipe Calder\u00f3n.<\/p>\n\n\n\n<p>Conforme\ndatos oficiales, 62 mil 954 elementos castrenses han sido enviados a distintas\ntareas de seguridad, erradicaci\u00f3n de plant\u00edos ilegales lo mismo que para\ncumplir con los operativos antihuachicol. Una parte ha sido desplazada para\ncumplir con el Plan DN-III de protecci\u00f3n civil.<\/p>\n\n\n\n<p>Entre los\nefectivos del Ej\u00e9rcito que se han integrado a la Guardia Nacional, una parte\nlabora en el plan de freno a la migraci\u00f3n por la zona sur del pa\u00eds.<\/p>\n\n\n\n<p>Cifras de la\ndependencia indican que en 2011, el Ej\u00e9rcito utiliz\u00f3 a 52 mil 690 efectivos,\nmientras que, en 2018, Pe\u00f1a despleg\u00f3 a 54 mil 980 para frenar a la\ncriminalidad.<\/p>\n\n\n\n<p>De acuerdo\ncon un reporte militar, fechado el 29 de agosto, los efectivos desplegados en\nel pa\u00eds est\u00e1n destinados a reducir los \u00edndices de violencia, apoyo a las\nautoridades civiles en materia de seguridad p\u00fablica, contra el narcotr\u00e1fico y a\nevitar el tr\u00e1fico de armas.<\/p>\n\n\n\n<p>Una m\u00ednima\nparte se enfoca en tareas de apoyo a la poblaci\u00f3n en casos de desastre, a menos\nque una contingencia lo amerite, reportaron a \u201cReforma\u201d las fuentes\nconsultadas.<\/p>\n\n\n\n<p>El grueso de\nelementos se concentra en la Primera Regi\u00f3n Militar, que abarca la Ciudad de\nM\u00e9xico, Morelos, Hidalgo y el Estado de M\u00e9xico, con siete mil 757 soldados, que\nrepresenta un incremento del 56 por ciento con respecto a los cuatro mil 941\nutilizados en 2018.<\/p>\n\n\n\n<p>La D\u00e9cima\nRegi\u00f3n Militar, que opera en Campeche, Quintana Roo y Yucat\u00e1n, fue la que\naument\u00f3 m\u00e1s su cobertura porcentualmente: creci\u00f3 83 por ciento, al registrar\nmil 467 elementos en 2018 y dos mil 697 este a\u00f1o.<\/p>\n\n\n\n<p>Otras zonas\nque elev\u00f3 significativamente el despliegue de tropas es la Octava Regi\u00f3n, con\nsede en Oaxaca, al incrementarse en 39 por ciento: los efectivos pasaron de dos\nmil 816 a tres mil 932, y la S\u00e9ptima Regi\u00f3n, con influencia en Tabasco y\nChiapas, con un de 34 por ciento, al pasar de dos mil 888 a tres mil 880\nmilitares.<\/p>\n\n\n\n<p>El 13 de\nagosto, el Comandante de la Guardia Nacional, Luis Rodr\u00edguez Bucio, inform\u00f3 que\nla nueva corporaci\u00f3n ha desplegado en sus 150 coordinaciones regionales a 58\nmil 602 elementos, 56 mil 191 de ellos procedentes de las polic\u00edas militar y\nnaval y de la Sedena con funciones espec\u00edficas de apoyo.<\/p>\n","protected":false},"excerpt":{"rendered":"<p>Redacci\u00f3n\/Zona Roja Cdmx. Ciudad de M\u00e9xico, 14 de septiembre de 2019.- En lo que va&hellip;<\/p>\n","protected":false},"author":2,"featured_media":3957,"comment_status":"closed","ping_status":"open","sticky":false,"template":"","format":"standard","meta":{"_lmt_disableupdate":"","_lmt_disable":"","_jetpack_memberships_contains_paid_content":false,"footnotes":""},"categories":[109,47],"tags":[708,709],"class_list":["post-3956","post","type-post","status-publish","format-standard","has-post-thumbnail","hentry","category-minuto-a-minuto","category-zona-gris","tag-ejercito-mexicano","tag-viii-region-militar-sedena"],"jetpack_featured_media_url":"https:\/\/zonaroja.com.mx\/wp-content\/uploads\/2019\/09\/IMG_4233-1.jpg","jetpack_sharing_enabled":true,"_links":{"self":[{"href":"https:\/\/zonaroja.com.mx\/index.php?rest_route=\/wp\/v2\/posts\/3956","targetHints":{"allow":["GET"]}}],"collection":[{"href":"https:\/\/zonaroja.com.mx\/index.php?rest_route=\/wp\/v2\/posts"}],"about":[{"href":"https:\/\/zonaroja.com.mx\/index.php?rest_route=\/wp\/v2\/types\/post"}],"author":[{"embeddable":true,"href":"https:\/\/zonaroja.com.mx\/index.php?rest_route=\/wp\/v2\/users\/2"}],"replies":[{"embeddable":true,"href":"https:\/\/zonaroja.com.mx\/index.php?rest_route=%2Fwp%2Fv2%2Fcomments&post=3956"}],"version-history":[{"count":1,"href":"https:\/\/zonaroja.com.mx\/index.php?rest_route=\/wp\/v2\/posts\/3956\/revisions"}],"predecessor-version":[{"id":3958,"href":"https:\/\/zonaroja.com.mx\/index.php?rest_route=\/wp\/v2\/posts\/3956\/revisions\/3958"}],"wp:featuredmedia":[{"embeddable":true,"href":"https:\/\/zonaroja.com.mx\/index.php?rest_route=\/wp\/v2\/media\/3957"}],"wp:attachment":[{"href":"https:\/\/zonaroja.com.mx\/index.php?rest_route=%2Fwp%2Fv2%2Fmedia&parent=3956"}],"wp:term":[{"taxonomy":"category","embeddable":true,"href":"https:\/\/zonaroja.com.mx\/index.php?rest_route=%2Fwp%2Fv2%2Fcategories&post=3956"},{"taxonomy":"post_tag","embeddable":true,"href":"https:\/\/zonaroja.com.mx\/index.php?rest_route=%2Fwp%2Fv2%2Ftags&post=3956"}],"curies":[{"name":"wp","href":"https:\/\/api.w.org\/{rel}","templated":true}]}}