{"id":39561,"date":"2022-04-04T08:00:23","date_gmt":"2022-04-04T13:00:23","guid":{"rendered":"http:\/\/www.zonaroja.com.mx\/?p=39561"},"modified":"2022-04-04T08:00:25","modified_gmt":"2022-04-04T13:00:25","slug":"revocacion-de-mandato-burla-a-la-ley-y-farsa-partidista","status":"publish","type":"post","link":"https:\/\/zonaroja.com.mx\/?p=39561","title":{"rendered":"Revocaci\u00f3n de Mandato: \u00bfburla a la ley y farsa partidista?"},"content":{"rendered":"\n<p>Ismael Garc\u00eda M.\/Zona Roja.<\/p>\n\n\n\n<p>Oaxaca de Ju\u00e1rez, Oax., 4 de abril de 2022.- Un asunto establecido desde hace por lo menos tres a\u00f1os en la Constituci\u00f3n Mexicana, est\u00e1 siendo convertido por Morena y el Presidente Andr\u00e9s Manuel L\u00f3pez Obrador en una farsa electoral para atraer m\u00e1s simpat\u00edas\u2026 y una farsa para los ciudadanos.<\/p>\n\n\n\n<p>Se trata de la jornada de Revocaci\u00f3n de Mandato, que se efectuar\u00e1 el pr\u00f3ximo 10 de abril y que, adem\u00e1s, ha generado una serie de confrontaciones desde del poder de la Cuarta Transformaci\u00f3n en contra de quienes se oponen a este juego y de las instituciones electorales.<\/p>\n\n\n\n<p>Como si burlar la ley no fuera suficiente, el propio mandatario L\u00f3pez Obrador y sus principales funcionarios, como es el secretario de Gobernaci\u00f3n y el responsable de la Guardia Nacional, han violado reiteradamente la prohibici\u00f3n de promocionar esta medida.<\/p>\n\n\n\n<p>\u00bfAcaso no se eligi\u00f3 al Presidente de M\u00e9xico para seis a\u00f1os? \u00bfAcaso alguien o algunos o la mayor\u00eda tiene el inter\u00e9s de destituirlo a m\u00e1s de tres a\u00f1os de su mandato, y con alta popularidad?<\/p>\n\n\n\n<p>ESTABLECIDO EN LEY<\/p>\n\n\n\n<p>Fue a finales del a\u00f1o 2019 en que la Revocaci\u00f3n de Mandato qued\u00f3 establecida en la Constituci\u00f3n Pol\u00edtica de los Estados Unidos Mexicanos \u2014muchos m\u00e1s a\u00f1os en la Carta Magna de Oaxaca, aunque con mayores candados\u2014, es decir, hay una norma vigente.<\/p>\n\n\n\n<p>Para ello, se requiere reunir al menos tres por ciento de firmas de personas inconformes con el mandatario en turno, que est\u00e9n registradas en el padr\u00f3n electoral, para hacer la petici\u00f3n ante la instancia correspondiente, en este caso el Poder Legislativo.<\/p>\n\n\n\n<p>Y de acuerdo con el apartado IX del art\u00edculo 35 de la Constituci\u00f3n, s\u00f3lo tiene validez si en ella participa por lo menos el 40 por ciento de las personas inscritas en la lista nominal de electores.<\/p>\n\n\n\n<p>\u00bfQU\u00c9 QUIERE AMLO?<\/p>\n\n\n\n<p>En el caso de la Revocaci\u00f3n de Mandato de este a\u00f1o, promovida de manera intensa por morenistas y el gobierno federal, de acuerdo con el INE \u201ces el instrumento de participaci\u00f3n solicitado por la ciudadan\u00eda para determinar la conclusi\u00f3n anticipada en el desempe\u00f1o de la persona titular de la Presidencia de la Rep\u00fablica, a partir de la p\u00e9rdida de la confianza\u201d.<\/p>\n\n\n\n<p>Y la pregunta es:<\/p>\n\n\n\n<p>\u201c\u00bfEst\u00e1s de acuerdo en que a Andr\u00e9s Manuel L\u00f3pez Obrador, Presidente de los Estados Unidos Mexicanos, se le revoque el mandato por p\u00e9rdida de la confianza o siga en la Presidencia de la Rep\u00fablica hasta que termine su periodo?\u201d.<\/p>\n\n\n\n<p>En primer lugar, la jornada del pr\u00f3ximo domingo fue impulsada por seguidores de L\u00f3pez Obrador, entre ellos los militantes de Morena.<\/p>\n\n\n\n<p>Se trata de la misma estrategia que utiliz\u00f3 el a\u00f1o pasado, con el supuesto juicio a ex presidentes de M\u00e9xico, que por supuesto no ha procedido ni proceder\u00e1, pues no hay voluntad pol\u00edtica para ello.<\/p>\n\n\n\n<p>Por el contrario, la semana pasada, el Presidente L\u00f3pez Obrador exculp\u00f3 pr\u00e1cticamente a Enrique Pe\u00f1a Nieto de los delitos que se le pudieran imputar por la desaparici\u00f3n de 43 estudiantes de Ayotzinapa, Guerreo.<\/p>\n\n\n\n<p>Evidentemente que la jornada que se impulsa en esta ocasi\u00f3n tiene fines propagand\u00edsticos, y busca reforzar la imagen y elevar la base electoral que tiene el Presidente, con miras al proceso elecci\u00f3n en el 2024.<\/p>\n\n\n\n<p>La necedad ha desatado confrontaciones gubernamentales con distintos sectores, a los que L\u00f3pez Obrador ha encerrado en un solo grupo: \u201clos conservadores\u201d, sean o no de tal condici\u00f3n.<\/p>\n\n\n\n<p>Incluso se promovi\u00f3 un decreto para que, pese a la veda electoral, tanto el Presidente como sus funcionarios pudieran promover la Revocaci\u00f3n de Mandato.&nbsp;<\/p>\n\n\n\n<p>Autoridades electorales revocaron dicho acuerdo, pero a\u00fan as\u00ed, el gobierno federal no cesa en la promoci\u00f3n, incluso haciendo uso de recursos p\u00fablicos, como ocurri\u00f3 el domingo, en que el titular de la Guardia Nacional, utiliz\u00f3 un avi\u00f3n oficial para acudir a un acto proselitista.<\/p>\n\n\n\n<p>\u00bfVOTAR O NO VOTAR?<\/p>\n\n\n\n<p>\u00bfQu\u00e9 hay que hacer? Acudir a votar, si lo considera pertinente y est\u00e1 convencido de que se requiere destituir al Presidente. O Simplemente no salir a votar, porque adem\u00e1s es innecesario.<\/p>\n\n\n\n<p>Votar o no votar dar\u00e1 lo mismo, porque no tiene ning\u00fan efecto legal, m\u00e1s que promover a\u00fan m\u00e1s la imagen del Presidente&nbsp;<\/p>\n\n\n\n<p>Para que tenga efecto legal el resultado, se requiere que el pr\u00f3ximo domingo vote el 40 por ciento de ciudadanos empadronados, es decir, 37 millones 129 mil electores, lo cual no suceder\u00e1, ni remotamente.<\/p>\n\n\n\n<p>Un gasto innecesario de m\u00e1s de mil 500 millones de pesos; un desgaste innecesario de las instituciones electorales; una Revocaci\u00f3n de Mandato m\u00e1s electorera que constitucional. Y una oportunidad para ahondar las diferencias entre dos grupos sociales, por reyertas y caprichos promovidos desde el poder presidencial.<\/p>\n","protected":false},"excerpt":{"rendered":"<p>Ismael Garc\u00eda M.\/Zona Roja. Oaxaca de Ju\u00e1rez, Oax., 4 de abril de 2022.- Un asunto&hellip;<\/p>\n","protected":false},"author":2,"featured_media":7610,"comment_status":"closed","ping_status":"open","sticky":false,"template":"","format":"standard","meta":{"_lmt_disableupdate":"","_lmt_disable":"","_jetpack_memberships_contains_paid_content":false,"footnotes":""},"categories":[456,109,48],"tags":[1353],"class_list":["post-39561","post","type-post","status-publish","format-standard","has-post-thumbnail","hentry","category-columna","category-minuto-a-minuto","category-zona-critica","tag-opinion-zona-critica"],"jetpack_featured_media_url":"https:\/\/zonaroja.com.mx\/wp-content\/uploads\/2020\/01\/Opini\u00f3n-Zona-Cr\u00edtica.jpg","jetpack_sharing_enabled":true,"_links":{"self":[{"href":"https:\/\/zonaroja.com.mx\/index.php?rest_route=\/wp\/v2\/posts\/39561","targetHints":{"allow":["GET"]}}],"collection":[{"href":"https:\/\/zonaroja.com.mx\/index.php?rest_route=\/wp\/v2\/posts"}],"about":[{"href":"https:\/\/zonaroja.com.mx\/index.php?rest_route=\/wp\/v2\/types\/post"}],"author":[{"embeddable":true,"href":"https:\/\/zonaroja.com.mx\/index.php?rest_route=\/wp\/v2\/users\/2"}],"replies":[{"embeddable":true,"href":"https:\/\/zonaroja.com.mx\/index.php?rest_route=%2Fwp%2Fv2%2Fcomments&post=39561"}],"version-history":[{"count":1,"href":"https:\/\/zonaroja.com.mx\/index.php?rest_route=\/wp\/v2\/posts\/39561\/revisions"}],"predecessor-version":[{"id":39562,"href":"https:\/\/zonaroja.com.mx\/index.php?rest_route=\/wp\/v2\/posts\/39561\/revisions\/39562"}],"wp:featuredmedia":[{"embeddable":true,"href":"https:\/\/zonaroja.com.mx\/index.php?rest_route=\/wp\/v2\/media\/7610"}],"wp:attachment":[{"href":"https:\/\/zonaroja.com.mx\/index.php?rest_route=%2Fwp%2Fv2%2Fmedia&parent=39561"}],"wp:term":[{"taxonomy":"category","embeddable":true,"href":"https:\/\/zonaroja.com.mx\/index.php?rest_route=%2Fwp%2Fv2%2Fcategories&post=39561"},{"taxonomy":"post_tag","embeddable":true,"href":"https:\/\/zonaroja.com.mx\/index.php?rest_route=%2Fwp%2Fv2%2Ftags&post=39561"}],"curies":[{"name":"wp","href":"https:\/\/api.w.org\/{rel}","templated":true}]}}