{"id":39563,"date":"2022-04-04T08:27:48","date_gmt":"2022-04-04T13:27:48","guid":{"rendered":"http:\/\/www.zonaroja.com.mx\/?p=39563"},"modified":"2022-04-04T08:27:49","modified_gmt":"2022-04-04T13:27:49","slug":"continua-promocion-de-revocacion-ahora-por-secretarios-de-estado","status":"publish","type":"post","link":"https:\/\/zonaroja.com.mx\/?p=39563","title":{"rendered":"Contin\u00faa promoci\u00f3n de revocaci\u00f3n, ahora por secretarios de Estado"},"content":{"rendered":"\n<p>Redacci\u00f3n\/Zona Roja Cdmx.<\/p>\n\n\n\n<p>Ciudad de M\u00e9xico, 4 de abril de 2022.- A una semana de la consulta de revocaci\u00f3n de mandado, funcionarios federales contin\u00faan realizando propaganda a favor de ese ejercicio a pesar de ser una actividad prohibida por el Tribunal Electoral del Poder Judicial de la Federaci\u00f3n (TEPJF) , mientras que el Instituto Nacional Electoral (INE) asegura tener lista la operaci\u00f3n para que el pr\u00f3ximo 10 de abril se pregunte a la ciudadana si el presidente Andr\u00e9s Manuel L\u00f3pez Obrador deja el cargo o concluye su mandato en 2024.<\/p>\n\n\n\n<p>En Coahuila, el secretario de Gobernaci\u00f3n, Ad\u00e1n Augusto L\u00f3pez; el subsecretario de Seguridad federal, Ricardo Mej\u00eda; y el comandante de la Guardia Nacional, Luis Rodr\u00edguez Bucio, acompa\u00f1ados del dirigente de Morena, Mario Delgado, y del senador Armando Guadiana, hicieron el s\u00e1bado 2 de abril una \u201casamblea informativa\u201d para promover la asistencia a la jornada del pr\u00f3ximo domingo.<\/p>\n\n\n\n<p>Se difundi\u00f3 una fotograf\u00eda en la que aparecieron Ad\u00e1n Augusto L\u00f3pez, Mario Delgado y el senador Guadiana, al pie de un avi\u00f3n de la Guardia Nacional en el que se trasladaron a Coahuila para la \u201casamblea informativa\u201d.<\/p>\n\n\n\n<p>En Xalapa, Veracruz, la secretaria de Energ\u00eda, Roc\u00edo Nahle, acompa\u00f1ada por el gobernador veracruzano Cuitl\u00e1huac Garc\u00eda, encabezaron el s\u00e1bado un mitin en el centro de esa ciudad para expresar respaldo al primer mandatario de cara a la consulta del domingo 10 de abril. &nbsp;&nbsp;<\/p>\n\n\n\n<p>La semana pasada la Sala Superior del Tribunal Electoral del Poder Judicial de la Federaci\u00f3n (TEPJF) declar\u00f3 inaplicable el decreto de interpretaci\u00f3n del concepto de \u201cpropaganda gubernamental\u201d, dentro del procedimiento de revocaci\u00f3n de mandato, mediante el cual los funcionarios p\u00fablicos federales pretend\u00edan seguir realizando proselitismo en favor del primer mandatario.<\/p>\n\n\n\n<p>Todo listo para la consulta&nbsp;de revocaci\u00f3n de mandato: C\u00f3rdova<\/p>\n\n\n\n<p>El presidente del INE, Lorenzo C\u00f3rdova, dijo que a una semana de la votaci\u00f3n, ese instituto tiene todo listo para que la consulta se realice con legalidad, certeza, transparencia y confianza. Indic\u00f3 que 287,000 ciudadanos ser\u00e1n funcionarios en las 57,517 casillas que se instalar\u00e1n el 10 de abril. A\u00f1adi\u00f3 que 52 observadores de 18 pa\u00edses constatar\u00e1n la legalidad de la jornada de consulta. Apunt\u00f3 que la noche del domingo se realizar\u00e1 un conteo r\u00e1pido con una muestra de 1,800 casillas para dar resultados preliminares. &nbsp; &nbsp;<\/p>\n\n\n\n<p>Indic\u00f3 que la consulta de revocaci\u00f3n va, \u201ca pesar de los reiterados intentos de algunos actores pol\u00edticos por entorpecer y obstaculizar el buen desarrollo de este buen ejercicio al negarle al INE los recursos necesarios, al impugnar una y otra vez todas las decisiones importantes que se han tomado, y adem\u00e1s violando de manera las reglas que ellos mismos establecieron en la Constituci\u00f3n y en la ley. Es decir, a pesar de las trampas, y gracias a la ciudadan\u00eda que conf\u00eda y colabora con su INE, la revocaci\u00f3n de mandato va, y va muy bien\u201d, dijo.<\/p>\n\n\n\n<p>(Informaci\u00f3n del diario \u00abEl Economista\u00bb)<\/p>\n","protected":false},"excerpt":{"rendered":"<p>Redacci\u00f3n\/Zona Roja Cdmx. Ciudad de M\u00e9xico, 4 de abril de 2022.- A una semana de&hellip;<\/p>\n","protected":false},"author":2,"featured_media":39564,"comment_status":"closed","ping_status":"open","sticky":false,"template":"","format":"standard","meta":{"_lmt_disableupdate":"","_lmt_disable":"","_jetpack_memberships_contains_paid_content":false,"footnotes":""},"categories":[109,47],"tags":[],"class_list":["post-39563","post","type-post","status-publish","format-standard","has-post-thumbnail","hentry","category-minuto-a-minuto","category-zona-gris"],"jetpack_featured_media_url":"https:\/\/zonaroja.com.mx\/wp-content\/uploads\/2022\/04\/avion-Guardia-Nacional.jpeg","jetpack_sharing_enabled":true,"_links":{"self":[{"href":"https:\/\/zonaroja.com.mx\/index.php?rest_route=\/wp\/v2\/posts\/39563","targetHints":{"allow":["GET"]}}],"collection":[{"href":"https:\/\/zonaroja.com.mx\/index.php?rest_route=\/wp\/v2\/posts"}],"about":[{"href":"https:\/\/zonaroja.com.mx\/index.php?rest_route=\/wp\/v2\/types\/post"}],"author":[{"embeddable":true,"href":"https:\/\/zonaroja.com.mx\/index.php?rest_route=\/wp\/v2\/users\/2"}],"replies":[{"embeddable":true,"href":"https:\/\/zonaroja.com.mx\/index.php?rest_route=%2Fwp%2Fv2%2Fcomments&post=39563"}],"version-history":[{"count":1,"href":"https:\/\/zonaroja.com.mx\/index.php?rest_route=\/wp\/v2\/posts\/39563\/revisions"}],"predecessor-version":[{"id":39565,"href":"https:\/\/zonaroja.com.mx\/index.php?rest_route=\/wp\/v2\/posts\/39563\/revisions\/39565"}],"wp:featuredmedia":[{"embeddable":true,"href":"https:\/\/zonaroja.com.mx\/index.php?rest_route=\/wp\/v2\/media\/39564"}],"wp:attachment":[{"href":"https:\/\/zonaroja.com.mx\/index.php?rest_route=%2Fwp%2Fv2%2Fmedia&parent=39563"}],"wp:term":[{"taxonomy":"category","embeddable":true,"href":"https:\/\/zonaroja.com.mx\/index.php?rest_route=%2Fwp%2Fv2%2Fcategories&post=39563"},{"taxonomy":"post_tag","embeddable":true,"href":"https:\/\/zonaroja.com.mx\/index.php?rest_route=%2Fwp%2Fv2%2Ftags&post=39563"}],"curies":[{"name":"wp","href":"https:\/\/api.w.org\/{rel}","templated":true}]}}