{"id":39566,"date":"2022-04-04T08:32:54","date_gmt":"2022-04-04T13:32:54","guid":{"rendered":"http:\/\/www.zonaroja.com.mx\/?p=39566"},"modified":"2022-04-04T08:32:56","modified_gmt":"2022-04-04T13:32:56","slug":"reiteran-pueblos-de-oaxaca-rechazo-a-despojos-por-corredor-transistmico","status":"publish","type":"post","link":"https:\/\/zonaroja.com.mx\/?p=39566","title":{"rendered":"Reiteran pueblos de Oaxaca rechazo a despojos por Corredor Trans\u00edstmico"},"content":{"rendered":"\n<p>Redacci\u00f3n\/Estado 20.<\/p>\n\n\n\n<p>Oaxaca de Ju\u00e1rez, Oax., 4 de abril de 2022.- Habitantes de la Asamblea de Puente de Madera, municipio de San Blas Atempa, y la Asamblea de los Pueblos Ind\u00edgenas del Istmo en Defensa de la Tierra y el Territorio (APIIDTT), denunciaron que la Procuradur\u00eda Agraria, intenta convencer a las comunidades para que se realice el megaproyecto del Corredor Trans\u00edstmico.<\/p>\n\n\n\n<p>Lo anterior, se dio a conocer trav\u00e9s de un comunicado difundido por la asociaci\u00f3n civil, Servicios para una Educaci\u00f3n Alternativa (Educa), donde advierte que a pesar de conocer las violaciones e irregularidades que presenta el megaproyecto, la Procuradur\u00eda Agraria lo quiere imponer sin consentimiento de los pueblos<\/p>\n\n\n\n<p>Esta situaci\u00f3n, sostuvo la organizaci\u00f3n civil, ha generado un \u201cespacio de intimidaci\u00f3n, se\u00f1alamientos, amenazas y despotricamiento hacia quienes defienden la tierra y el territorio\u201d.<\/p>\n\n\n\n<p>Es por ello dijo, que los pueblos manifestaron que ni los trabajadores de la Procuradur\u00eda ni la maquinaria tendr\u00e1n permitido el acceso al Monte el Pitayal, adem\u00e1s, exigen la cancelaci\u00f3n de actas de posesi\u00f3n de tierras de uso com\u00fan entregadas por la PA para el megaproyecto.<\/p>\n\n\n\n<p>Ante el temor de represalias y con el fin de defender sus tierras y el territorio hacen el llamado a las agencias de San Blas Atempa: Rancho Llano, Santa Rosa, Monte Grande y Tierra Blanca para organizarse y evitar el despojo para el beneficio de particulares.<\/p>\n","protected":false},"excerpt":{"rendered":"<p>Redacci\u00f3n\/Estado 20. Oaxaca de Ju\u00e1rez, Oax., 4 de abril de 2022.- Habitantes de la Asamblea&hellip;<\/p>\n","protected":false},"author":2,"featured_media":39567,"comment_status":"closed","ping_status":"open","sticky":false,"template":"","format":"standard","meta":{"_lmt_disableupdate":"","_lmt_disable":"","_jetpack_memberships_contains_paid_content":false,"footnotes":""},"categories":[109,47],"tags":[1068],"class_list":["post-39566","post","type-post","status-publish","format-standard","has-post-thumbnail","hentry","category-minuto-a-minuto","category-zona-gris","tag-corredor-transistmico"],"jetpack_featured_media_url":"https:\/\/zonaroja.com.mx\/wp-content\/uploads\/2022\/04\/Rechazo-a-Corredor-Transistmico-pueblos-Istmo.jpeg","jetpack_sharing_enabled":true,"_links":{"self":[{"href":"https:\/\/zonaroja.com.mx\/index.php?rest_route=\/wp\/v2\/posts\/39566","targetHints":{"allow":["GET"]}}],"collection":[{"href":"https:\/\/zonaroja.com.mx\/index.php?rest_route=\/wp\/v2\/posts"}],"about":[{"href":"https:\/\/zonaroja.com.mx\/index.php?rest_route=\/wp\/v2\/types\/post"}],"author":[{"embeddable":true,"href":"https:\/\/zonaroja.com.mx\/index.php?rest_route=\/wp\/v2\/users\/2"}],"replies":[{"embeddable":true,"href":"https:\/\/zonaroja.com.mx\/index.php?rest_route=%2Fwp%2Fv2%2Fcomments&post=39566"}],"version-history":[{"count":1,"href":"https:\/\/zonaroja.com.mx\/index.php?rest_route=\/wp\/v2\/posts\/39566\/revisions"}],"predecessor-version":[{"id":39568,"href":"https:\/\/zonaroja.com.mx\/index.php?rest_route=\/wp\/v2\/posts\/39566\/revisions\/39568"}],"wp:featuredmedia":[{"embeddable":true,"href":"https:\/\/zonaroja.com.mx\/index.php?rest_route=\/wp\/v2\/media\/39567"}],"wp:attachment":[{"href":"https:\/\/zonaroja.com.mx\/index.php?rest_route=%2Fwp%2Fv2%2Fmedia&parent=39566"}],"wp:term":[{"taxonomy":"category","embeddable":true,"href":"https:\/\/zonaroja.com.mx\/index.php?rest_route=%2Fwp%2Fv2%2Fcategories&post=39566"},{"taxonomy":"post_tag","embeddable":true,"href":"https:\/\/zonaroja.com.mx\/index.php?rest_route=%2Fwp%2Fv2%2Ftags&post=39566"}],"curies":[{"name":"wp","href":"https:\/\/api.w.org\/{rel}","templated":true}]}}