{"id":39576,"date":"2022-04-04T15:50:55","date_gmt":"2022-04-04T20:50:55","guid":{"rendered":"http:\/\/www.zonaroja.com.mx\/?p=39576"},"modified":"2022-04-04T15:50:57","modified_gmt":"2022-04-04T20:50:57","slug":"no-hay-pendientes-con-egresados-normalistas-reitera-gobierno","status":"publish","type":"post","link":"https:\/\/zonaroja.com.mx\/?p=39576","title":{"rendered":"No hay pendientes con egresados normalistas, reitera gobierno"},"content":{"rendered":"\n<p>Redacci\u00f3n\/Zona Roja.<\/p>\n\n\n\n<p>Oaxaca de Ju\u00e1rez, Oax. 4 de abril de 2022.- El Gobierno del Estado, a trav\u00e9s del Instituto Estatal de Educaci\u00f3n P\u00fablica de Oaxaca (IEEPO), reiter\u00f3 que las y los egresados normalistas tienen respuestas al 100% de sus planteamientos y garantizada la estabilidad laboral.<\/p>\n\n\n\n<p>Asimismo, la autoridad educativa dio respuesta al pliego de peticiones de la Coordinadora Estudiantil Normalista del Estado de Oaxaca (CENEO) que se encuentra disponible para su consulta en el enlace: https:\/\/www.oaxaca.gob.mx\/ieepo\/respuesta-a-normalistas\/, en el ejercicio de transparencia, honradez y rendici\u00f3n de cuentas en que se rige el Instituto.<\/p>\n\n\n\n<p>El 23 de febrero de 2022 se entregaron a la representaci\u00f3n estudiantil las respuestas a la totalidad de las solicitudes y se mantiene la disposici\u00f3n y total apertura de continuar con el acompa\u00f1amiento necesario en los tr\u00e1mites y gestiones correspondientes en el \u00e1mbito administrativo y legal ante la federaci\u00f3n, como es la Secretar\u00eda de Educaci\u00f3n P\u00fablica (SEP).<\/p>\n\n\n\n<p>Todos los tr\u00e1mites son personales, gratuitos y sin condicionamiento de ning\u00fan tipo, de tal forma que son ilegales los comit\u00e9s pro-plazas y cualquier tipo de listas que \u00e9stos integren, ya que la \u00fanica ruta de contrataci\u00f3n es la acordada con la SEP, el IEEPO y la representaci\u00f3n sindical.<\/p>\n\n\n\n<p>A las y los egresados se les garantiza certeza laboral y no tienen motivo de continuar con protestas que afecten a la ciudadan\u00eda. Muestra de ello es la contrataci\u00f3n de dos mil 577 egresados, sin problema alguno, en los \u00faltimos cuatro a\u00f1os, con un gasto p\u00fablico de mil 20 millones de pesos.<\/p>\n\n\n\n<p>En lo que corresponde a las mallas curriculares, en Oaxaca no existe imposici\u00f3n; por lo tanto los planes y programas de estudio son trabajos coordinados por la Federaci\u00f3n a trav\u00e9s de la Direcci\u00f3n General de Educaci\u00f3n para el Magisterio (DGSEuM), adem\u00e1s de que se garantiza la validez de los estudios de generaciones en transici\u00f3n.<\/p>\n\n\n\n<p>Por otra parte, en Oaxaca se acredita la validez de los estudios de las generaciones en transici\u00f3n; se reconocen los planes y programas alternos de las y los alumnos de dichas generaciones en las 11 escuelas normales y como cada a\u00f1o, la autoridad educativa cubre en su totalidad los gastos generados por el examen de nuevo ingreso cuyo promedio es de 850 mil pesos.<\/p>\n\n\n\n<p>Para este 2022 se entregar\u00e1n tambi\u00e9n 925 paquetes de material de papeler\u00eda y did\u00e1ctico a las alumnas y alumnos como parte de los apoyos de sus pr\u00e1cticas profesionales y servicio social, con una inversi\u00f3n total de 10 millones de pesos. Otra de las respuestas relevantes es la continuaci\u00f3n de la Licenciatura en Educaci\u00f3n Especial, que permanecer\u00e1 vigente como lo ha solicitado la CENEO.&nbsp;<\/p>\n\n\n\n<p>Como se dio a conocer en su oportunidad, el pasado 18 de marzo se llev\u00f3 a cabo una reuni\u00f3n con la Unidad del Sistema para la Carrera de las Maestras y Maestros (Usicamm) para efectos de informar a egresados el proceso normativo sobre su ingreso al Sistema Educativo Estatal proporcionando facilidades a las y los interesados.<\/p>\n\n\n\n<p>En todo momento el Gobierno del Estado ha actuado de manera respetuosa, responsable y mediante el di\u00e1logo.<\/p>\n","protected":false},"excerpt":{"rendered":"<p>Redacci\u00f3n\/Zona Roja. Oaxaca de Ju\u00e1rez, Oax. 4 de abril de 2022.- El Gobierno del Estado,&hellip;<\/p>\n","protected":false},"author":2,"featured_media":39577,"comment_status":"closed","ping_status":"open","sticky":false,"template":"","format":"standard","meta":{"_lmt_disableupdate":"","_lmt_disable":"","_jetpack_memberships_contains_paid_content":false,"footnotes":""},"categories":[1],"tags":[],"class_list":["post-39576","post","type-post","status-publish","format-standard","has-post-thumbnail","hentry","category-sin-categoria"],"jetpack_featured_media_url":"https:\/\/zonaroja.com.mx\/wp-content\/uploads\/2022\/04\/Egresados-normalistas-proestas-Oaxaca.jpg","jetpack_sharing_enabled":true,"_links":{"self":[{"href":"https:\/\/zonaroja.com.mx\/index.php?rest_route=\/wp\/v2\/posts\/39576","targetHints":{"allow":["GET"]}}],"collection":[{"href":"https:\/\/zonaroja.com.mx\/index.php?rest_route=\/wp\/v2\/posts"}],"about":[{"href":"https:\/\/zonaroja.com.mx\/index.php?rest_route=\/wp\/v2\/types\/post"}],"author":[{"embeddable":true,"href":"https:\/\/zonaroja.com.mx\/index.php?rest_route=\/wp\/v2\/users\/2"}],"replies":[{"embeddable":true,"href":"https:\/\/zonaroja.com.mx\/index.php?rest_route=%2Fwp%2Fv2%2Fcomments&post=39576"}],"version-history":[{"count":1,"href":"https:\/\/zonaroja.com.mx\/index.php?rest_route=\/wp\/v2\/posts\/39576\/revisions"}],"predecessor-version":[{"id":39578,"href":"https:\/\/zonaroja.com.mx\/index.php?rest_route=\/wp\/v2\/posts\/39576\/revisions\/39578"}],"wp:featuredmedia":[{"embeddable":true,"href":"https:\/\/zonaroja.com.mx\/index.php?rest_route=\/wp\/v2\/media\/39577"}],"wp:attachment":[{"href":"https:\/\/zonaroja.com.mx\/index.php?rest_route=%2Fwp%2Fv2%2Fmedia&parent=39576"}],"wp:term":[{"taxonomy":"category","embeddable":true,"href":"https:\/\/zonaroja.com.mx\/index.php?rest_route=%2Fwp%2Fv2%2Fcategories&post=39576"},{"taxonomy":"post_tag","embeddable":true,"href":"https:\/\/zonaroja.com.mx\/index.php?rest_route=%2Fwp%2Fv2%2Ftags&post=39576"}],"curies":[{"name":"wp","href":"https:\/\/api.w.org\/{rel}","templated":true}]}}