{"id":39582,"date":"2022-04-04T19:22:51","date_gmt":"2022-04-05T00:22:51","guid":{"rendered":"http:\/\/www.zonaroja.com.mx\/?p=39582"},"modified":"2022-04-04T19:22:53","modified_gmt":"2022-04-05T00:22:53","slug":"crece-problematica-en-hospital-de-pochutla-hacen-paro-para-exigir-director","status":"publish","type":"post","link":"https:\/\/zonaroja.com.mx\/?p=39582","title":{"rendered":"Crece problem\u00e1tica en Hospital de Pochutla; hacen paro para exigir director"},"content":{"rendered":"\n<p>Yuridiana Sosa\/Zona Roja.<\/p>\n\n\n\n<p>Oaxaca de Ju\u00e1rez, Oax., 4 de abril de 2022.- La problem\u00e1tica interna en el Hospital General de San Pedro Pochutla escal\u00f3 en la afectaci\u00f3n de servicios m\u00e9dicos a la poblaci\u00f3n, con el paro de labores por parte de un grupo de trabajadores que exigen el nombramiento de un nuevo director, luego que el anterior fue destituido a exigencia del personal.<\/p>\n\n\n\n<p>Desde el pasado 1 de abril se han presentado diversas inconformidades por parte de dos grupos de trabajadores y hasta por los mismos pacientes, ante la falta de servicios.<\/p>\n\n\n\n<p>La m\u00e1s reciente protesta la realizan m\u00e9dicos, personal administrativo y de limpieza del Hospital Regional, quienes exigen a la Direcci\u00f3n General de los Servicios de Salud del Estado de Oaxaca que el nuevo director tenga capacidad para la operatividad del nosocomio.<\/p>\n\n\n\n<p>En d\u00edas pasados, medios de comunicaci\u00f3n de Pochutla reportaron que trabajadores sindicalizados liderados por la delegada sindical de la Secci\u00f3n 35 del Sindicato Nacional de Trabajadores de la Secretar\u00eda de Salud (SNTSA), Roc\u00edo Carrillo Sosa, lograron la salida del director Felix Reyes, luego de una serie de protestas que tambi\u00e9n incluyeron la suspensi\u00f3n de servicios m\u00e9dicos.<\/p>\n\n\n\n<p>Pero, adem\u00e1s, tambi\u00e9n este grupo de sindicalizados pretende la salida de personal que no es parte de dicho sindicato y quedarse con todos los beneficios laborales.<\/p>\n\n\n\n<p>La postura de la base sindical, en poder de Carillo Sosa durante varios a\u00f1os, ha derivado en el descontento entre los trabajadores, gener\u00e1ndose al interior un ambiente hostil y hasta disputas por que algunos trabajadores han pretendido continuar con sus actividades para no afectar a la poblaci\u00f3n.<\/p>\n\n\n\n<p>El movimiento sindical provoc\u00f3 este inicio de semana la suspensi\u00f3n de los servicios de consulta externa, lo que afect\u00f3 a cientos de pacientes de la regi\u00f3n de la Costa y Sierra Sur que al llegar al nosocomio no son atendidos, pues solo funciona el \u00e1rea de urgencias que ante la alta demanda se satura.<\/p>\n","protected":false},"excerpt":{"rendered":"<p>Yuridiana Sosa\/Zona Roja. Oaxaca de Ju\u00e1rez, Oax., 4 de abril de 2022.- La problem\u00e1tica interna&hellip;<\/p>\n","protected":false},"author":2,"featured_media":29744,"comment_status":"closed","ping_status":"open","sticky":false,"template":"","format":"standard","meta":{"_lmt_disableupdate":"","_lmt_disable":"","_jetpack_memberships_contains_paid_content":false,"footnotes":""},"categories":[109,47],"tags":[1005],"class_list":["post-39582","post","type-post","status-publish","format-standard","has-post-thumbnail","hentry","category-minuto-a-minuto","category-zona-gris","tag-servicios-de-salud-de-oaxaca-sso"],"jetpack_featured_media_url":"https:\/\/zonaroja.com.mx\/wp-content\/uploads\/2021\/07\/Hospital-Pochutla.jpg","jetpack_sharing_enabled":true,"_links":{"self":[{"href":"https:\/\/zonaroja.com.mx\/index.php?rest_route=\/wp\/v2\/posts\/39582","targetHints":{"allow":["GET"]}}],"collection":[{"href":"https:\/\/zonaroja.com.mx\/index.php?rest_route=\/wp\/v2\/posts"}],"about":[{"href":"https:\/\/zonaroja.com.mx\/index.php?rest_route=\/wp\/v2\/types\/post"}],"author":[{"embeddable":true,"href":"https:\/\/zonaroja.com.mx\/index.php?rest_route=\/wp\/v2\/users\/2"}],"replies":[{"embeddable":true,"href":"https:\/\/zonaroja.com.mx\/index.php?rest_route=%2Fwp%2Fv2%2Fcomments&post=39582"}],"version-history":[{"count":1,"href":"https:\/\/zonaroja.com.mx\/index.php?rest_route=\/wp\/v2\/posts\/39582\/revisions"}],"predecessor-version":[{"id":39583,"href":"https:\/\/zonaroja.com.mx\/index.php?rest_route=\/wp\/v2\/posts\/39582\/revisions\/39583"}],"wp:featuredmedia":[{"embeddable":true,"href":"https:\/\/zonaroja.com.mx\/index.php?rest_route=\/wp\/v2\/media\/29744"}],"wp:attachment":[{"href":"https:\/\/zonaroja.com.mx\/index.php?rest_route=%2Fwp%2Fv2%2Fmedia&parent=39582"}],"wp:term":[{"taxonomy":"category","embeddable":true,"href":"https:\/\/zonaroja.com.mx\/index.php?rest_route=%2Fwp%2Fv2%2Fcategories&post=39582"},{"taxonomy":"post_tag","embeddable":true,"href":"https:\/\/zonaroja.com.mx\/index.php?rest_route=%2Fwp%2Fv2%2Ftags&post=39582"}],"curies":[{"name":"wp","href":"https:\/\/api.w.org\/{rel}","templated":true}]}}