{"id":39584,"date":"2022-04-04T20:42:08","date_gmt":"2022-04-05T01:42:08","guid":{"rendered":"http:\/\/www.zonaroja.com.mx\/?p=39584"},"modified":"2022-04-04T20:42:12","modified_gmt":"2022-04-05T01:42:12","slug":"christian-eder-insiste-en-ser-rector-gobierno-reconoce-a-eduardo-bautista","status":"publish","type":"post","link":"https:\/\/zonaroja.com.mx\/?p=39584","title":{"rendered":"Christian \u00c9der insiste en ser rector; gobierno reconoce a Eduardo Bautista"},"content":{"rendered":"\n<p>Yuridiana Sosa\/ Zona Roja<\/p>\n\n\n\n<p>Oaxaca de Ju\u00e1rez, Oax. 4 de abril de 2022.- Mientras el catedr\u00e1tico Christian \u00c9der Carre\u00f1o L\u00f3pez insiste en erigirse como rector, el secretario General de Gobierno, Francisco Garc\u00eda L\u00f3pez, reconoci\u00f3 como \u00fanico titular de la Universidad Aut\u00f3noma \u201cBenito Ju\u00e1rez\u201d de Oaxaca (UABJO) a Eduardo Bautista Mart\u00ednez.<\/p>\n\n\n\n<p>A tres d\u00edas del supuesto relevo del mando de la rector\u00eda con \u00c9der Carre\u00f1o al frente, el titular de la Segego dijo hoy en entrevista colectiva que, como gobierno estatal, no intervienen en la vida institucional de la Universidad, pero de acuerdo con las leyes, Bautista Mart\u00ednez sigue como rector.<\/p>\n\n\n\n<p>Desde su posici\u00f3n, dijo, han seguido el tema sin intervenir, del que tienen conocimiento que el proceso de elecciones para el relev\u00f3 Eduardo Bautista ser\u00e1 convocado posteriormente y que la convocatoria del pasado viernes no fue dentro de la legalidad.<\/p>\n\n\n\n<p>Sin embargo, para garantizar la estabilidad y evitar actos violentos, el rector de la UABJO ha solicitado a la Segego su intervenci\u00f3n para que se brinde seguridad en inmediaciones de Ciudad Universitaria, apunt\u00f3 Garc\u00eda L\u00f3pez.<\/p>\n\n\n\n<figure class=\"wp-block-embed is-type-rich is-provider-twitter wp-block-embed-twitter\"><div class=\"wp-block-embed__wrapper\">\n<div class=\"twitter-tweet\"><blockquote class=\"twitter-tweet\" data-lang=\"es\"><p lang=\"es\" dir=\"ltr\">Al igual que lo hizo el gobernador <a href=\"https:\/\/twitter.com\/alejandromurat?ref_src=twsrc%5Etfw\">@alejandromurat<\/a>, el titular de la <a href=\"https:\/\/twitter.com\/SEGEGO_GobOax?ref_src=twsrc%5Etfw\">@SEGEGO_GobOax<\/a>, <a href=\"https:\/\/twitter.com\/PacoPiza9?ref_src=twsrc%5Etfw\">@PacoPiza9<\/a>, reconoci\u00f3 que <a href=\"https:\/\/twitter.com\/Bautistaeduardo?ref_src=twsrc%5Etfw\">@Bautistaeduardo<\/a> sigue siendo el rector de la <a href=\"https:\/\/twitter.com\/UABJO?ref_src=twsrc%5Etfw\">@UABJO<\/a> y con quien mantienen relaci\u00f3n institucional. <a href=\"https:\/\/t.co\/dHWVzwLMkK\">pic.twitter.com\/dHWVzwLMkK<\/a><\/p>&mdash; Zona Roja Oaxaca (@ZonaRoja_Oaxaca) <a href=\"https:\/\/twitter.com\/ZonaRoja_Oaxaca\/status\/1511116194958426117?ref_src=twsrc%5Etfw\">4 de abril de 2022<\/a><\/blockquote><\/div>\n<\/div><\/figure>\n\n\n\n<p>INSISTE EN ILEGALIDAD<\/p>\n\n\n\n<p>Por su parte, el grupo disidente de la UABJO que encabeza Christian \u00c9der Carre\u00f1o ofreci\u00f3 una conferencia de prensa este lunes para reafirmar que su nombramiento es legal.<\/p>\n\n\n\n<p>Desde la Facultad de Derechos y Ciencias Sociales, y acompa\u00f1ado de Abraham Mart\u00ednez Helmes, se\u00f1al\u00f3 que de acuerdo con la Ley Org\u00e1nica que los rige, de los 115 Consejeros Universitarios, 80 respaldaron su nombramiento, asentado en un acta notarial.<\/p>\n\n\n\n<p>Sobre el desconocimiento de las autoridades del gobierno estatal a su cargo, apunt\u00f3 que la problem\u00e1tica al interior de la UABJO debe resolverse dentro de la Universidad, por lo que buscar\u00e1n el di\u00e1logo con el otro grupo para resolver esta situaci\u00f3n.<\/p>\n\n\n\n<p>A pregunta expresa, dijo que para garantizar la estabilidad de la Universidad, estar\u00eda dispuesto a renunciar a su pretensi\u00f3n de ser rector.<\/p>\n\n\n\n<figure class=\"wp-block-embed is-type-rich is-provider-twitter wp-block-embed-twitter\"><div class=\"wp-block-embed__wrapper\">\n<div class=\"twitter-tweet\"><blockquote class=\"twitter-tweet\" data-lang=\"es\"><p lang=\"es\" dir=\"ltr\"><a href=\"https:\/\/twitter.com\/hashtag\/ENVIVO?src=hash&amp;ref_src=twsrc%5Etfw\">#ENVIVO<\/a><br>Oaxaca de Ju\u00e1rez, Oax., 4 de abril de 2022.- Conferencia de prensa de un grupo disidente de la UABJO, encabezado por Christian \u00c9der Carre\u00f1o L\u00f3pez, quienes asume rector de la Universidad.<br>Aqu\u00ed la transmisi\u00f3n:<br>\ud83d\udc47<a href=\"https:\/\/t.co\/5cEgC90cmQ\">https:\/\/t.co\/5cEgC90cmQ<\/a> <a href=\"https:\/\/t.co\/HfyalYHIfw\">pic.twitter.com\/HfyalYHIfw<\/a><\/p>&mdash; Zona Roja Oaxaca (@ZonaRoja_Oaxaca) <a href=\"https:\/\/twitter.com\/ZonaRoja_Oaxaca\/status\/1511023803836547075?ref_src=twsrc%5Etfw\">4 de abril de 2022<\/a><\/blockquote><\/div>\n<\/div><\/figure>\n\n\n\n<p>SIGUE CON AGENDA<\/p>\n\n\n\n<p>Por su parte, el rector Eduardo Bautista Mart\u00ednez continu\u00f3 este lunes con su agenda de trabajo, de manera pac\u00edfica, en las escuelas de la UABJO.<\/p>\n\n\n\n<p>Este inicio se semana entreg\u00f3 una dotaci\u00f3n de m\u00e1s de mil publicaciones a la Directora de la Facultad de Bellas Artes, Liliana Garc\u00eda Valent\u00edn, con el prop\u00f3sito de incrementar su acervo bibliogr\u00e1fico.<\/p>\n\n\n\n<p>As\u00ed tambi\u00e9n, constat\u00f3 el desarrollo de clases presenciales, las cuales se desarrollan bajo los protocolos de salud correspondientes ante la pandemia.\u00a0<\/p>\n\n\n\n<figure class=\"wp-block-embed is-type-rich is-provider-twitter wp-block-embed-twitter\"><div class=\"wp-block-embed__wrapper\">\n<div class=\"twitter-tweet\"><blockquote class=\"twitter-tweet\" data-lang=\"es\"><p lang=\"es\" dir=\"ltr\">As\u00ed tambi\u00e9n, constat\u00f3 el desarrollo de clases, cuyas pr\u00e1cticas presenciales, afianzan la formaci\u00f3n profesional.<a href=\"https:\/\/twitter.com\/hashtag\/SomosUABJO?src=hash&amp;ref_src=twsrc%5Etfw\">#SomosUABJO<\/a> <a href=\"https:\/\/twitter.com\/hashtag\/UABJOesArte?src=hash&amp;ref_src=twsrc%5Etfw\">#UABJOesArte<\/a> <a href=\"https:\/\/t.co\/QEhEHxsSRT\">pic.twitter.com\/QEhEHxsSRT<\/a><\/p>&mdash; Comunicaci\u00f3nUABJO (@comunica_UABJO) <a href=\"https:\/\/twitter.com\/comunica_UABJO\/status\/1511083869663023109?ref_src=twsrc%5Etfw\">4 de abril de 2022<\/a><\/blockquote><\/div>\n<\/div><\/figure>\n","protected":false},"excerpt":{"rendered":"<p>Yuridiana Sosa\/ Zona Roja Oaxaca de Ju\u00e1rez, Oax. 4 de abril de 2022.- Mientras el&hellip;<\/p>\n","protected":false},"author":2,"featured_media":39585,"comment_status":"closed","ping_status":"open","sticky":false,"template":"","format":"standard","meta":{"_lmt_disableupdate":"","_lmt_disable":"","_jetpack_memberships_contains_paid_content":false,"footnotes":""},"categories":[109,47],"tags":[3093],"class_list":["post-39584","post","type-post","status-publish","format-standard","has-post-thumbnail","hentry","category-minuto-a-minuto","category-zona-gris","tag-christian-eder-carreno-lopez"],"jetpack_featured_media_url":"https:\/\/zonaroja.com.mx\/wp-content\/uploads\/2022\/04\/Christian-Eder-Carreno-y-Abraham-Martinez.jpg","jetpack_sharing_enabled":true,"_links":{"self":[{"href":"https:\/\/zonaroja.com.mx\/index.php?rest_route=\/wp\/v2\/posts\/39584","targetHints":{"allow":["GET"]}}],"collection":[{"href":"https:\/\/zonaroja.com.mx\/index.php?rest_route=\/wp\/v2\/posts"}],"about":[{"href":"https:\/\/zonaroja.com.mx\/index.php?rest_route=\/wp\/v2\/types\/post"}],"author":[{"embeddable":true,"href":"https:\/\/zonaroja.com.mx\/index.php?rest_route=\/wp\/v2\/users\/2"}],"replies":[{"embeddable":true,"href":"https:\/\/zonaroja.com.mx\/index.php?rest_route=%2Fwp%2Fv2%2Fcomments&post=39584"}],"version-history":[{"count":1,"href":"https:\/\/zonaroja.com.mx\/index.php?rest_route=\/wp\/v2\/posts\/39584\/revisions"}],"predecessor-version":[{"id":39586,"href":"https:\/\/zonaroja.com.mx\/index.php?rest_route=\/wp\/v2\/posts\/39584\/revisions\/39586"}],"wp:featuredmedia":[{"embeddable":true,"href":"https:\/\/zonaroja.com.mx\/index.php?rest_route=\/wp\/v2\/media\/39585"}],"wp:attachment":[{"href":"https:\/\/zonaroja.com.mx\/index.php?rest_route=%2Fwp%2Fv2%2Fmedia&parent=39584"}],"wp:term":[{"taxonomy":"category","embeddable":true,"href":"https:\/\/zonaroja.com.mx\/index.php?rest_route=%2Fwp%2Fv2%2Fcategories&post=39584"},{"taxonomy":"post_tag","embeddable":true,"href":"https:\/\/zonaroja.com.mx\/index.php?rest_route=%2Fwp%2Fv2%2Ftags&post=39584"}],"curies":[{"name":"wp","href":"https:\/\/api.w.org\/{rel}","templated":true}]}}