{"id":3959,"date":"2019-09-14T11:57:55","date_gmt":"2019-09-14T16:57:55","guid":{"rendered":"http:\/\/www.zonaroja.com.mx\/?p=3959"},"modified":"2019-09-14T11:57:57","modified_gmt":"2019-09-14T16:57:57","slug":"niegan-atencion-medica-a-dos-en-hospital-de-los-servicios-de-salud-de-salina-cruz","status":"publish","type":"post","link":"https:\/\/zonaroja.com.mx\/?p=3959","title":{"rendered":"Niegan atenci\u00f3n m\u00e9dica a dos en hospital de los Servicios de Salud de Salina Cruz"},"content":{"rendered":"\n<p>Redacci\u00f3n\/Zona\nRoja.<\/p>\n\n\n\n<p>Oaxaca de\nJu\u00e1rez, Oax., 14 de septiembre de 2019.- Familiares de Mois\u00e9s Garc\u00eda Espinoza,\nde 22 a\u00f1os de edad, e Isa\u00ed Sim\u00f3n Onofre, de 25 a\u00f1os, denunciaron la falta de\nsensibilidad y profesionalismo del personal m\u00e9dico al interior del hospital de\nSalina Cruz, dependiente de los Servicios de Salud de Oaxaca, que se neg\u00f3 a\natender a los dos hombres que llegaron en camilla al nosocomio procedentes del\nCentro de Salud de San Pedro Huamelula.<\/p>\n\n\n\n<p>A trav\u00e9s de\nun video que postearon en las redes sociales, con una duraci\u00f3n de dos minutos y\n17 segundos, expusieron que a su arribo al hospital del puerto, el m\u00e9dico\nresponsable, Juan Carlos Mat\u00edas, se neg\u00f3 en reiteradas ocasiones a atender a\nlas dos personas v\u00edctimas de un accidente automovil\u00edstico en el tramo conocido\ncomo Tortolita- Santiago Astata.<\/p>\n\n\n\n<p>Ante tal situaci\u00f3n, fue que en medios gritos exigieron al galeno que cumpliera con su juramento m\u00e9dico o de lo contrario firmar\u00e1 un documento en el que se comprobar\u00e1 que efectivamente se negaba a prestar el servicio argumentando la falta de material y personal especializado.<\/p>\n\n\n\n<figure class=\"wp-block-embed-twitter wp-block-embed is-type-rich is-provider-twitter\"><div class=\"wp-block-embed__wrapper\">\n<div class=\"twitter-tweet\"><blockquote class=\"twitter-tweet\" data-lang=\"es\"><p lang=\"es\" dir=\"ltr\"><a href=\"https:\/\/twitter.com\/hashtag\/M%C3%A9xicoGris?src=hash&amp;ref_src=twsrc%5Etfw\">#M\u00e9xicoGris<\/a><br>Ante la nula atenci\u00f3n en el Hospital de Especialidades de Salina Cruz, Oaxaca, familiares de un paciente accidentado tienen que sacarlo y llevarlo a otro sitio.<br>En decenas de cl\u00ednicas y hospitales de los <a href=\"https:\/\/twitter.com\/SSO_GobOax?ref_src=twsrc%5Etfw\">@SSO_GobOax<\/a>, que preside <a href=\"https:\/\/twitter.com\/Donato_Casas?ref_src=twsrc%5Etfw\">@Donato_Casas<\/a>, situaci\u00f3n similar. <a href=\"https:\/\/t.co\/kfXUfh8g83\">pic.twitter.com\/kfXUfh8g83<\/a><\/p>&mdash; Zona Roja Oaxaca (@MexRoja) <a href=\"https:\/\/twitter.com\/MexRoja\/status\/1172856873369972739?ref_src=twsrc%5Etfw\">14 de septiembre de 2019<\/a><\/blockquote><\/div>\n<\/div><\/figure>\n\n\n\n<p>&#8211;\u00a1Se puede\nsubrogar!, grit\u00f3 la enfermera que acompa\u00f1aba a los heridos. <\/p>\n\n\n\n<p>&#8211;\u00bfSi\nustedes lo van a pagar?, respondi\u00f3 el m\u00e9dico.<\/p>\n\n\n\n<p>&#8211;\u00a1S\u00ed, lo\nvamos a pagar!, refirieron los familiares.<\/p>\n\n\n\n<p>&#8211;Te lo voy\na recibir, pero no tenemos con qu\u00e9 atenderlo, asegur\u00f3 el m\u00e9dico Juan Carlos\nMat\u00edas.<\/p>\n\n\n\n<p>Los gritos y\nla discusi\u00f3n continuaron como se puede ver en el video y aunque el m\u00e9dico\nacept\u00f3 recibirlos no pudo evitar manifestar su inconformidad de que se tratara\nde dos personas las que solicitaban la atenci\u00f3n e insisti\u00f3 en que no contaba\ncon m\u00e9dico internista y material para atenderlos por lo que ser\u00eda bajo propio\nriesgo de la familia.<\/p>\n\n\n\n<p>&#8211;\u00a1Falta el\notro! <\/p>\n\n\n\n<p>&#8211;\u00bfSon dos?<\/p>\n\n\n\n<p>&#8211;Para\nvariar son dos.<\/p>\n\n\n\n<p>&#8211;No tengo\nmaterial, ni insumos\u2026<\/p>\n\n\n\n<p>&#8211;Ojal\u00e1 que\nno le pase esto a tu hijo o a tu familia, porque va a sentir lo mismo, cabr\u00f3n.<\/p>\n\n\n\n<p>Por lo\nanterior hicieron un llamado al secretario de Salud en Oaxaca, Donato Augusto\nCasas Escamilla, para que capaciten al personal m\u00e9dico de los Centros de Salud\nya que al tener urgencias son negados los servicios y rechazan los pacientes\naun en estado grave de salud.<\/p>\n\n\n\n<p>As\u00ed mismo,\nexigieron dotar a los hospitales de materiales e insumos para dar el servicio,\nsobre todo ante emergencias que no pueden ser atendidas en los centros de salud\ny tiene que ser referidos a los hospitales m\u00e1s cercanos, donde no pueden ni\ndeben negar el servicio.<\/p>\n","protected":false},"excerpt":{"rendered":"<p>Redacci\u00f3n\/Zona Roja. Oaxaca de Ju\u00e1rez, Oax., 14 de septiembre de 2019.- Familiares de Mois\u00e9s Garc\u00eda&hellip;<\/p>\n","protected":false},"author":2,"featured_media":3960,"comment_status":"closed","ping_status":"open","sticky":false,"template":"","format":"standard","meta":{"_lmt_disableupdate":"","_lmt_disable":"","_jetpack_memberships_contains_paid_content":false,"footnotes":""},"categories":[109,47],"tags":[302,238],"class_list":["post-3959","post","type-post","status-publish","format-standard","has-post-thumbnail","hentry","category-minuto-a-minuto","category-zona-gris","tag-donato-casas-escamilla","tag-servicios-de-salud-de-oaxaca"],"jetpack_featured_media_url":"https:\/\/zonaroja.com.mx\/wp-content\/uploads\/2019\/09\/IMG_7729.jpg","jetpack_sharing_enabled":true,"_links":{"self":[{"href":"https:\/\/zonaroja.com.mx\/index.php?rest_route=\/wp\/v2\/posts\/3959","targetHints":{"allow":["GET"]}}],"collection":[{"href":"https:\/\/zonaroja.com.mx\/index.php?rest_route=\/wp\/v2\/posts"}],"about":[{"href":"https:\/\/zonaroja.com.mx\/index.php?rest_route=\/wp\/v2\/types\/post"}],"author":[{"embeddable":true,"href":"https:\/\/zonaroja.com.mx\/index.php?rest_route=\/wp\/v2\/users\/2"}],"replies":[{"embeddable":true,"href":"https:\/\/zonaroja.com.mx\/index.php?rest_route=%2Fwp%2Fv2%2Fcomments&post=3959"}],"version-history":[{"count":1,"href":"https:\/\/zonaroja.com.mx\/index.php?rest_route=\/wp\/v2\/posts\/3959\/revisions"}],"predecessor-version":[{"id":3961,"href":"https:\/\/zonaroja.com.mx\/index.php?rest_route=\/wp\/v2\/posts\/3959\/revisions\/3961"}],"wp:featuredmedia":[{"embeddable":true,"href":"https:\/\/zonaroja.com.mx\/index.php?rest_route=\/wp\/v2\/media\/3960"}],"wp:attachment":[{"href":"https:\/\/zonaroja.com.mx\/index.php?rest_route=%2Fwp%2Fv2%2Fmedia&parent=3959"}],"wp:term":[{"taxonomy":"category","embeddable":true,"href":"https:\/\/zonaroja.com.mx\/index.php?rest_route=%2Fwp%2Fv2%2Fcategories&post=3959"},{"taxonomy":"post_tag","embeddable":true,"href":"https:\/\/zonaroja.com.mx\/index.php?rest_route=%2Fwp%2Fv2%2Ftags&post=3959"}],"curies":[{"name":"wp","href":"https:\/\/api.w.org\/{rel}","templated":true}]}}