{"id":39590,"date":"2022-04-04T21:46:27","date_gmt":"2022-04-05T02:46:27","guid":{"rendered":"http:\/\/www.zonaroja.com.mx\/?p=39590"},"modified":"2022-04-04T21:46:42","modified_gmt":"2022-04-05T02:46:42","slug":"constitucion-de-oaxaca-garante-de-unidad-y-rumbo-benitez-tiburcio","status":"publish","type":"post","link":"https:\/\/zonaroja.com.mx\/?p=39590","title":{"rendered":"Constituci\u00f3n de Oaxaca, garante de unidad y rumbo: Ben\u00edtez Tiburcio"},"content":{"rendered":"\n<p>Redacci\u00f3n\/Zona Roja.<\/p>\n\n\n\n<p>Oaxaca de Ju\u00e1rez,&nbsp;Oax. a 4 de abril.- Al conmemorar 100 a\u00f1os de la Constituci\u00f3n Pol\u00edtica del Estado Libre y Soberano de Oaxaca, y ante la presencia del magistrado presidente del Tribunal Superior de Justicia, Eduardo&nbsp;Pinacho&nbsp;S\u00e1nchez, y del secretario General de Gobierno, Francisco Garc\u00eda L\u00f3pez, la &nbsp;presidenta de la Mesa Directiva de la 65 Legislatura local, la diputada Mariana Ben\u00edtez Tiburcio,&nbsp;convoc\u00f3 a valorar su vigencia y su contribuci\u00f3n a futuro, a fin de garantizar el desarrollo pleno de la sociedad y el acceso a la justicia.<\/p>\n\n\n\n<p>Durante la sesi\u00f3n solemne celebrada en el recinto legislativo por el centenario de la Constituci\u00f3n Pol\u00edtica de Oaxaca, hizo un llamado para abrir el an\u00e1lisis y el debate que permita el recuento hist\u00f3rico de la evoluci\u00f3n de la Constituci\u00f3n y generar un nuevo ejercicio que permita nutrir este documento jur\u00eddico con el \u00fanico inter\u00e9s de hacerla letra viva, pues -refiri\u00f3-, que la Constituci\u00f3n, m\u00e1s all\u00e1 de su condici\u00f3n simb\u00f3lica, es garante de&nbsp;unidad y de rumbo.<\/p>\n\n\n\n<p>\u00abDe manera directa pregunt\u00e9monos hoy \u00bfQu\u00e9 tanto la conocemos?, \u00bfCu\u00e1nto nos identificamos con la Constituci\u00f3n?, \u00bfC\u00f3mo incide en nuestro entorno?, y&nbsp;abramos entonces este an\u00e1lisis que permita el &nbsp;recuento hist\u00f3rico aqu\u00ed y ahora.<\/p>\n\n\n\n<p>\u201cExpresemos tambi\u00e9n el compromiso del Estado para garantizar su eficiente divulgaci\u00f3n, para favorecer su estudio y consecuente apropiaci\u00f3n por parte de la poblaci\u00f3n\u00bb, sostuvo la legisladora frente a los y las asistentes, integrantes de la C\u00e1mara de Diputados local, del Poder Judicial del Estado, integrantes del gabinete legal del gobierno estatal y de las y los invitados especiales, entre quienes&nbsp;se encontraban&nbsp;familiares del ex gobernador, Manuel Garc\u00eda&nbsp;Vigil.<\/p>\n\n\n\n<p>La presidenta de la Mesa Directiva del Congreso, record\u00f3 que se cumplen cien a\u00f1os de aquel hist\u00f3rico 4 de abril de 1922, fecha en que el Vig\u00e9simo Octavo Congreso Constitucional del Estado se erigi\u00f3 como Poder Constituyente para la aprobaci\u00f3n de una nueva Constituci\u00f3n Pol\u00edtica, proceso en el que fue pieza fundamental el entonces gobernador, Manuel Garc\u00eda\u00a0Vigil.<\/p>\n\n\n\n<figure class=\"wp-block-embed is-type-rich is-provider-twitter wp-block-embed-twitter\"><div class=\"wp-block-embed__wrapper\">\n<div class=\"twitter-tweet\"><blockquote class=\"twitter-tweet\" data-lang=\"es\"><p lang=\"es\" dir=\"ltr\">En su mensaje, la presidenta de la Mesa Directiva del <a href=\"https:\/\/twitter.com\/CongresoOaxaca_?ref_src=twsrc%5Etfw\">@CongresoOaxaca_<\/a>, <a href=\"https:\/\/twitter.com\/marianabenitezt?ref_src=twsrc%5Etfw\">@marianabenitezt<\/a>, destac\u00f3 el aporte de hombres y mujeres a lo largo del siglo, para consolidar la Construcci\u00f3n Pol\u00edtica del estado de Oaxaca. <a href=\"https:\/\/t.co\/GgC9dtr1mS\">pic.twitter.com\/GgC9dtr1mS<\/a><\/p>&mdash; Zona Roja Oaxaca (@ZonaRoja_Oaxaca) <a href=\"https:\/\/twitter.com\/ZonaRoja_Oaxaca\/status\/1511063299533721603?ref_src=twsrc%5Etfw\">4 de abril de 2022<\/a><\/blockquote><\/div>\n<\/div><\/figure>\n\n\n\n<p>\u00abEn la historia de M\u00e9xico, decir Oaxaca es hablar de procesos que transformaron a la sociedad; decir Oaxaca es hablar de grandes hombres y mujeres, de valientes defensores de la patria y de la soberan\u00eda nacional; decir Oaxaca es reconocer la voz de intelectuales y libre pensadores que se manifestaron a favor de una sociedad igualitaria\u00bb, expres\u00f3.<\/p>\n\n\n\n<p>Por eso, dijo, a cien a\u00f1os de las diversas transformaciones del orden geopol\u00edtico, de la ciencia, la econom\u00eda, la tecnolog\u00eda, de los profundos cambios sociales y ante los desaf\u00edos de la tercera d\u00e9cada, es imprescindible contar con marcos normativos que establezcan de&nbsp;manera clara y justa, las condiciones que garanticen una convivencia pac\u00edfica, de respeto y tolerancia entre las personas, el ejercicio pleno de sus derechos, y garant\u00edas para un desarrollo pleno e igualitario entre hombres y mujeres.<\/p>\n\n\n\n<p>En el caso de la Constituci\u00f3n Pol\u00edtica de Oaxaca, agreg\u00f3, al paso del tiempo ha incorporado las demandas sociales y pol\u00edticas propias de una sociedad multicultural, entre las que destacan las reformas y adiciones de 2013 en las que reconoce la composici\u00f3n multi\u00e9tnica, multiling\u00fce y pluricultural&nbsp;de los pueblos y comunidades existentes en el Estado;&nbsp;as\u00ed como la&nbsp;libre autodeterminaci\u00f3n y la protecci\u00f3n de los derechos sociales de los pueblos y comunidades ind\u00edgenas y&nbsp;afromexicanas.<\/p>\n\n\n\n<p>Adem\u00e1s de la creaci\u00f3n en octubre de 2013 de la Sala Constitucional del Tribunal Superior de Justicia del estado; la reforma constitucional de 2015 por la que se sentaron las bases para la creaci\u00f3n de la Sala de Justicia Ind\u00edgena y de manera reciente las hist\u00f3ricas reformas en materia de igualdad entre hombres y mujeres y de paridad.<\/p>\n\n\n\n<p>Por eso, \u00abante los grandes cambios y las monumentales revoluciones que se gestaron, en las diversas necesidades, todas y todas estamos llamados a&nbsp;deconstruir&nbsp;lo que nos limita y a construir lo que nos ponga en la ruta del desarrollo y la justicia\u00bb, sostuvo.<\/p>\n\n\n\n<p>La diputada reiter\u00f3 la necesidad de replantear el actuar de todas y todos, as\u00ed como reconocer las necesidades de todos los sectores, &nbsp;para garantizar &nbsp;una sociedad incluyente que se sostenga en la riqueza de su diversidad cultural vinculada a los recursos naturales y su aprovechamiento; &nbsp; que vigile el ejercicio transparente de los recursos, que dialogue desde las voces de las minor\u00edas, que incorpore con total compromiso la agenda de g\u00e9nero &nbsp;pendiente y la deuda hist\u00f3rica que tenemos con las mujeres.&nbsp;<\/p>\n\n\n\n<p>\u00abPor una Constituci\u00f3n oaxaque\u00f1a que nos permita encontrarnos con nuestro destino, respetando siempre y bajo cualquier circunstancia, nuestras libertades\u00bb, cerr\u00f3.<\/p>\n\n\n\n<figure class=\"wp-block-embed is-type-rich is-provider-twitter wp-block-embed-twitter\"><div class=\"wp-block-embed__wrapper\">\n<div class=\"twitter-tweet\"><blockquote class=\"twitter-tweet\" data-lang=\"es\"><p lang=\"es\" dir=\"ltr\">\u201cLa democracia es el destino de la humanidad; la libertad su brazo indestructible\u201d- Benito Ju\u00e1rez.<br>Hoy se conmemora el Centenario de la Constituci\u00f3n de nuestro Estado. Es pertinente la evaluaci\u00f3n retrospectiva y la valoraci\u00f3n de su vigencia, as\u00ed como su contribuci\u00f3n al futuro. <a href=\"https:\/\/t.co\/LenYy05pxz\">pic.twitter.com\/LenYy05pxz<\/a><\/p>&mdash; Mariana Ben\u00edtez (@marianabenitezt) <a href=\"https:\/\/twitter.com\/marianabenitezt\/status\/1511065296253112327?ref_src=twsrc%5Etfw\">4 de abril de 2022<\/a><\/blockquote><\/div>\n<\/div><\/figure>\n","protected":false},"excerpt":{"rendered":"<p>Redacci\u00f3n\/Zona Roja. Oaxaca de Ju\u00e1rez,&nbsp;Oax. a 4 de abril.- Al conmemorar 100 a\u00f1os de la&hellip;<\/p>\n","protected":false},"author":2,"featured_media":39591,"comment_status":"closed","ping_status":"open","sticky":false,"template":"","format":"standard","meta":{"_lmt_disableupdate":"","_lmt_disable":"","_jetpack_memberships_contains_paid_content":false,"footnotes":""},"categories":[109,46],"tags":[2969],"class_list":["post-39590","post","type-post","status-publish","format-standard","has-post-thumbnail","hentry","category-minuto-a-minuto","category-zona-blanca","tag-mariana-benitez-tiburcio"],"jetpack_featured_media_url":"https:\/\/zonaroja.com.mx\/wp-content\/uploads\/2022\/04\/Mariana-Benitez-Constitucion-Oaxaca.jpg","jetpack_sharing_enabled":true,"_links":{"self":[{"href":"https:\/\/zonaroja.com.mx\/index.php?rest_route=\/wp\/v2\/posts\/39590","targetHints":{"allow":["GET"]}}],"collection":[{"href":"https:\/\/zonaroja.com.mx\/index.php?rest_route=\/wp\/v2\/posts"}],"about":[{"href":"https:\/\/zonaroja.com.mx\/index.php?rest_route=\/wp\/v2\/types\/post"}],"author":[{"embeddable":true,"href":"https:\/\/zonaroja.com.mx\/index.php?rest_route=\/wp\/v2\/users\/2"}],"replies":[{"embeddable":true,"href":"https:\/\/zonaroja.com.mx\/index.php?rest_route=%2Fwp%2Fv2%2Fcomments&post=39590"}],"version-history":[{"count":2,"href":"https:\/\/zonaroja.com.mx\/index.php?rest_route=\/wp\/v2\/posts\/39590\/revisions"}],"predecessor-version":[{"id":39593,"href":"https:\/\/zonaroja.com.mx\/index.php?rest_route=\/wp\/v2\/posts\/39590\/revisions\/39593"}],"wp:featuredmedia":[{"embeddable":true,"href":"https:\/\/zonaroja.com.mx\/index.php?rest_route=\/wp\/v2\/media\/39591"}],"wp:attachment":[{"href":"https:\/\/zonaroja.com.mx\/index.php?rest_route=%2Fwp%2Fv2%2Fmedia&parent=39590"}],"wp:term":[{"taxonomy":"category","embeddable":true,"href":"https:\/\/zonaroja.com.mx\/index.php?rest_route=%2Fwp%2Fv2%2Fcategories&post=39590"},{"taxonomy":"post_tag","embeddable":true,"href":"https:\/\/zonaroja.com.mx\/index.php?rest_route=%2Fwp%2Fv2%2Ftags&post=39590"}],"curies":[{"name":"wp","href":"https:\/\/api.w.org\/{rel}","templated":true}]}}