{"id":39594,"date":"2022-04-04T22:19:21","date_gmt":"2022-04-05T03:19:21","guid":{"rendered":"http:\/\/www.zonaroja.com.mx\/?p=39594"},"modified":"2022-04-04T22:19:22","modified_gmt":"2022-04-05T03:19:22","slug":"arropa-la-cuenca-a-alejandro-aviles-y-le-reitera-todo-el-respaldo","status":"publish","type":"post","link":"https:\/\/zonaroja.com.mx\/?p=39594","title":{"rendered":"Arropa la Cuenca a Alejandro Avil\u00e9s y le reitera todo el respaldo"},"content":{"rendered":"\n<p>Redacci\u00f3n\/Zona Roja.<\/p>\n\n\n\n<p>San Jos\u00e9 Cosolapa, Oax., 4 de abril de 2022.- Durante su segundo d\u00eda de campa\u00f1a, la estructura pri\u00edsta de la regi\u00f3n de la Cuenca del Papaloapan, refrend\u00f3 su apoyo al candidato del PRI-PRD a la gubernatura de Oaxaca, Alejandro Avil\u00e9s \u00c1lvarez, en quien reconocieron con la experiencia y capacidad de liderazgo, para dar soluci\u00f3n y atenci\u00f3n a las demandas sociales m\u00e1s sentidas de las familias de esta zona ca\u00f1era de la entidad.<\/p>\n\n\n\n<p>\u00abTenemos puesta nuestra confianza en Alejandro Avil\u00e9s, porque es un amigo que cumple y siempre ha gestionado apoyos para nuestro pueblo, este 5 de junio vamos a votar por la mejor opci\u00f3n\u00bb, coincidieron un\u00e1nimes.<\/p>\n\n\n\n<p>L\u00edderes de organizaciones obrero, campesino y popular de Cosolapa, Acatl\u00e1n de P\u00e9rez Figueroa, San Juan Bautista Tuxtepec y Loma Bonita, entre otras, expresaron al candidato la necesidad de potenciar la econom\u00eda y el desarrollo de trabajadores del campo, comerciantes, empresarios y j\u00f3venes emprendedores para garantizar la paz y estabilidad social de esta zona.<\/p>\n\n\n\n<p>Desde su tierra natal, Alejandro Avil\u00e9s destac\u00f3 que su prioridad son las ocho regiones de Oaxaca, donde llevar\u00e1 hechos y acciones que promuevan la transformaci\u00f3n y mejores condiciones de vida para ni\u00f1as y ni\u00f1os, j\u00f3venes, adultos y personas con capacidades diferentes.<\/p>\n\n\n\n<figure class=\"wp-block-embed is-type-rich is-provider-twitter wp-block-embed-twitter\"><div class=\"wp-block-embed__wrapper\">\n<div class=\"twitter-tweet\"><blockquote class=\"twitter-tweet\" data-lang=\"es\"><p lang=\"es\" dir=\"ltr\"><a href=\"https:\/\/twitter.com\/hashtag\/EleccionesOaxaca2022?src=hash&amp;ref_src=twsrc%5Etfw\">#EleccionesOaxaca2022<\/a><br>Despu\u00e9s de visitar varios municipios de la Cuenca, entre ellos su natal Cosolapa, el candidato <a href=\"https:\/\/twitter.com\/_AvilesAlvarez?ref_src=twsrc%5Etfw\">@_AvilesAlvarez<\/a>, acompa\u00f1ado del presidente del <a href=\"https:\/\/twitter.com\/PRIOaxaca_?ref_src=twsrc%5Etfw\">@PRIOaxaca_<\/a>, <a href=\"https:\/\/twitter.com\/JavierVillacana?ref_src=twsrc%5Etfw\">@JavierVillacana<\/a>, llega esta tarde a San Juan Bautista Tuxtepec. <a href=\"https:\/\/t.co\/W36flRs4HU\">pic.twitter.com\/W36flRs4HU<\/a><\/p>&mdash; Zona Roja Oaxaca (@ZonaRoja_Oaxaca) <a href=\"https:\/\/twitter.com\/ZonaRoja_Oaxaca\/status\/1511142654851133443?ref_src=twsrc%5Etfw\">5 de abril de 2022<\/a><\/blockquote><\/div>\n<\/div><\/figure>\n\n\n\n<p>\u00abVoy a ir a cada uno de los municipios de la Cuenca, ser\u00e9 gobernador para todas y todos los oaxaque\u00f1os, dar\u00e9 todo al triple en accesos de salud principalmente que es una de las demandas primordiales\u00bb, destac\u00f3.<\/p>\n\n\n\n<p>\u00abVoy a poner todo mi coraz\u00f3n, capacidad y talento, para que a nuestra regi\u00f3n de la Cuenca no le falte nada, y sea la que m\u00e1s crecimiento tenga en el estado\u00bb, manifest\u00f3.<\/p>\n\n\n\n<p>\u00abPara que no tengamos que estar sufriendo para llevarnos a nuestros enfermos hasta Tuxtepec, Veracruz o Oaxaca, tenemos que dignificar los servicios de salud, tenemos que dignificar los servicios de la educaci\u00f3n que les demos las mejores herramientas a nuestros maestros para que puedan dar las clases a nuestros hijos en paz y bien\u00bb, refiri\u00f3.<\/p>\n\n\n\n<p>Durante estas actividades, un grupo de militantes y simpatizantes del Partido Acci\u00f3n Nacional (PAN), se sumaron al proyecto de campa\u00f1a del candidato tricolor, &nbsp;al se\u00f1alar que son los ideales y propuestas, &nbsp;los que hacen la diferencia para hacer cambios de impacto en el estado.<\/p>\n\n\n\n<p>Finalmente, Alejandro Avil\u00e9s se reuni\u00f3 y escuch\u00f3 a diversos sectores del PRI, en la comunidad de Temascal, perteneciente al municipio de San Miguel Soyaltepec.<\/p>\n","protected":false},"excerpt":{"rendered":"<p>Redacci\u00f3n\/Zona Roja. San Jos\u00e9 Cosolapa, Oax., 4 de abril de 2022.- Durante su segundo d\u00eda&hellip;<\/p>\n","protected":false},"author":2,"featured_media":39595,"comment_status":"closed","ping_status":"open","sticky":false,"template":"","format":"standard","meta":{"_lmt_disableupdate":"","_lmt_disable":"","_jetpack_memberships_contains_paid_content":false,"footnotes":""},"categories":[109,46],"tags":[316],"class_list":["post-39594","post","type-post","status-publish","format-standard","has-post-thumbnail","hentry","category-minuto-a-minuto","category-zona-blanca","tag-alejandro-aviles-alvarez"],"jetpack_featured_media_url":"https:\/\/zonaroja.com.mx\/wp-content\/uploads\/2022\/04\/Alejandro-Aviles-Cuenca-Cosolapa.jpg","jetpack_sharing_enabled":true,"_links":{"self":[{"href":"https:\/\/zonaroja.com.mx\/index.php?rest_route=\/wp\/v2\/posts\/39594","targetHints":{"allow":["GET"]}}],"collection":[{"href":"https:\/\/zonaroja.com.mx\/index.php?rest_route=\/wp\/v2\/posts"}],"about":[{"href":"https:\/\/zonaroja.com.mx\/index.php?rest_route=\/wp\/v2\/types\/post"}],"author":[{"embeddable":true,"href":"https:\/\/zonaroja.com.mx\/index.php?rest_route=\/wp\/v2\/users\/2"}],"replies":[{"embeddable":true,"href":"https:\/\/zonaroja.com.mx\/index.php?rest_route=%2Fwp%2Fv2%2Fcomments&post=39594"}],"version-history":[{"count":1,"href":"https:\/\/zonaroja.com.mx\/index.php?rest_route=\/wp\/v2\/posts\/39594\/revisions"}],"predecessor-version":[{"id":39596,"href":"https:\/\/zonaroja.com.mx\/index.php?rest_route=\/wp\/v2\/posts\/39594\/revisions\/39596"}],"wp:featuredmedia":[{"embeddable":true,"href":"https:\/\/zonaroja.com.mx\/index.php?rest_route=\/wp\/v2\/media\/39595"}],"wp:attachment":[{"href":"https:\/\/zonaroja.com.mx\/index.php?rest_route=%2Fwp%2Fv2%2Fmedia&parent=39594"}],"wp:term":[{"taxonomy":"category","embeddable":true,"href":"https:\/\/zonaroja.com.mx\/index.php?rest_route=%2Fwp%2Fv2%2Fcategories&post=39594"},{"taxonomy":"post_tag","embeddable":true,"href":"https:\/\/zonaroja.com.mx\/index.php?rest_route=%2Fwp%2Fv2%2Ftags&post=39594"}],"curies":[{"name":"wp","href":"https:\/\/api.w.org\/{rel}","templated":true}]}}