{"id":39597,"date":"2022-04-04T22:29:23","date_gmt":"2022-04-05T03:29:23","guid":{"rendered":"http:\/\/www.zonaroja.com.mx\/?p=39597"},"modified":"2022-04-04T22:29:24","modified_gmt":"2022-04-05T03:29:24","slug":"registra-oaxaca-cuatro-accidentes-carreteros-3-muertos-y-decena-de-heridos","status":"publish","type":"post","link":"https:\/\/zonaroja.com.mx\/?p=39597","title":{"rendered":"Registra Oaxaca cuatro accidentes carreteros; 3 muertos y decena de heridos"},"content":{"rendered":"\n<p>Redacci\u00f3n\/Zona Roja.<\/p>\n\n\n\n<p>Oaxaca de Ju\u00e1rez, Oax., 4 de abril de 2022.- En v\u00edsperas de iniciar el periodo vacacional de Semana Santa, en Oaxaca se registraron esta tarde-noche al menos cuatro accidentes carreteros, con un saldo preliminar general de tres personas fallecidas y unas 10 lesionadas.<\/p>\n\n\n\n<p>El m\u00e1s reciente percance ocurri\u00f3 en la carretera Oaxaca-Istmo, en el libramiento a Santa Maria El Tule, donde se involucraron unos cinco veh\u00edculos; ah\u00ed perdieron la vida dos personas y siete m\u00e1s resultaron lesionadas. Fue detenida una persona, en probable estado de ebriedad, que habr\u00eda ocasionado el accidente.<\/p>\n\n\n\n<p>Poco despu\u00e9s de ello, en la misma vialidad pero en jurisdicci\u00f3n de Tlacolula de Matamoros, volc\u00f3 una camioneta, con saldo preliminar de dos personas lesionadas.<\/p>\n\n\n\n<p>En la carretera federal 131, a la altura del fraccionamiento La Lucerna de Puerto Escondido, regi\u00f3n de la Costa, volc\u00f3 una camioneta tipo Pick Up, donde perdi\u00f3 la vida el conductor.<\/p>\n\n\n\n<p>Mientras que en la supercarretera Oaxaca-Cuacnopalan, en jurisdicci\u00f3n de Asunci\u00f3n Nochixtl\u00e1n, volc\u00f3 un cami\u00f3n de carga pesada, lo que dej\u00f3 como saldo al menos una persona lesionada.<\/p>\n","protected":false},"excerpt":{"rendered":"<p>Redacci\u00f3n\/Zona Roja. Oaxaca de Ju\u00e1rez, Oax., 4 de abril de 2022.- En v\u00edsperas de iniciar&hellip;<\/p>\n","protected":false},"author":2,"featured_media":39598,"comment_status":"closed","ping_status":"open","sticky":false,"template":"","format":"standard","meta":{"_lmt_disableupdate":"","_lmt_disable":"","_jetpack_memberships_contains_paid_content":false,"footnotes":""},"categories":[109,51],"tags":[],"class_list":["post-39597","post","type-post","status-publish","format-standard","has-post-thumbnail","hentry","category-minuto-a-minuto","category-zona-roja"],"jetpack_featured_media_url":"https:\/\/zonaroja.com.mx\/wp-content\/uploads\/2022\/04\/Accidente-libramiento-El-Tule.jpg","jetpack_sharing_enabled":true,"_links":{"self":[{"href":"https:\/\/zonaroja.com.mx\/index.php?rest_route=\/wp\/v2\/posts\/39597","targetHints":{"allow":["GET"]}}],"collection":[{"href":"https:\/\/zonaroja.com.mx\/index.php?rest_route=\/wp\/v2\/posts"}],"about":[{"href":"https:\/\/zonaroja.com.mx\/index.php?rest_route=\/wp\/v2\/types\/post"}],"author":[{"embeddable":true,"href":"https:\/\/zonaroja.com.mx\/index.php?rest_route=\/wp\/v2\/users\/2"}],"replies":[{"embeddable":true,"href":"https:\/\/zonaroja.com.mx\/index.php?rest_route=%2Fwp%2Fv2%2Fcomments&post=39597"}],"version-history":[{"count":1,"href":"https:\/\/zonaroja.com.mx\/index.php?rest_route=\/wp\/v2\/posts\/39597\/revisions"}],"predecessor-version":[{"id":39599,"href":"https:\/\/zonaroja.com.mx\/index.php?rest_route=\/wp\/v2\/posts\/39597\/revisions\/39599"}],"wp:featuredmedia":[{"embeddable":true,"href":"https:\/\/zonaroja.com.mx\/index.php?rest_route=\/wp\/v2\/media\/39598"}],"wp:attachment":[{"href":"https:\/\/zonaroja.com.mx\/index.php?rest_route=%2Fwp%2Fv2%2Fmedia&parent=39597"}],"wp:term":[{"taxonomy":"category","embeddable":true,"href":"https:\/\/zonaroja.com.mx\/index.php?rest_route=%2Fwp%2Fv2%2Fcategories&post=39597"},{"taxonomy":"post_tag","embeddable":true,"href":"https:\/\/zonaroja.com.mx\/index.php?rest_route=%2Fwp%2Fv2%2Ftags&post=39597"}],"curies":[{"name":"wp","href":"https:\/\/api.w.org\/{rel}","templated":true}]}}