{"id":39600,"date":"2022-04-05T07:24:00","date_gmt":"2022-04-05T12:24:00","guid":{"rendered":"http:\/\/www.zonaroja.com.mx\/?p=39600"},"modified":"2022-04-05T07:24:01","modified_gmt":"2022-04-05T12:24:01","slug":"el-horror-en-ucrania-montones-de-cadaveres-en-calles-y-fosas","status":"publish","type":"post","link":"https:\/\/zonaroja.com.mx\/?p=39600","title":{"rendered":"El horror en Ucrania: montones de cad\u00e1veres en calles y fosas"},"content":{"rendered":"\n<p>Redacci\u00f3n\/Zona Roja Cdmx.<\/p>\n\n\n\n<p>Ciudad de M\u00e9xico, 5 de marzo de 2022.- Im\u00e1genes satelitales publicadas el lunes rebatir\u00edan la tesis rusa de que los muertos vestidos de civil en Bucha aparecieron luego de que el ej\u00e9rcito de Rusia se retir\u00f3 de la devastada ciudad ucraniana.<\/p>\n\n\n\n<p>Fotograf\u00edas de una calle de Bucha de mediados de marzo muestra los que ser\u00edan varios cad\u00e1veres de civiles en la v\u00eda y a un costado del camino, donde recientemente funcionarios ucranianos dijeron haber encontrado m\u00faltiples cuerpos tras la retirada de tropas rusas.<\/p>\n\n\n\n<p>\u00abLas im\u00e1genes del sat\u00e9lite Maxar en alta resoluci\u00f3n recolectadas en Bucha, Ucrania (noroeste de Kiev), verifica y corrobora los videos recientes y fotos en redes sociales que revelan cuerpos tirados en las calles y dejaron a cielo abierto por semanas\u00bb, dijo en un comunicado Stephen Wood, portavoz de Maxar Technologies.<\/p>\n\n\n\n<p>El \u201cNew York Times\u201d public\u00f3 un an\u00e1lisis de los acercamientos a la calle Yablonska en Bucha, y concluy\u00f3 -tras compararlos con un video del 1 y 2 de abril que mostraba cad\u00e1veres en la v\u00eda- que muchos estaban ah\u00ed desde hace al menos tres semanas, cuando las fuerzas rusas controlaban esa poblaci\u00f3n.<\/p>\n\n\n\n<p>Fot\u00f3grafos de la AFP entraron a Bucha el s\u00e1bado y confirmaron directamente la presencia de unos 20 cad\u00e1veres -todos vestidos de civil y algunos con las manos atadas- en escenas que han causado repulsi\u00f3n mundial y desatado cr\u00edmenes de guerra.<\/p>\n\n\n\n<p>Clean, ministro de Defensa ruso, ha negado cualquier responsabilidad al decir que todas sus unidades \u00abse retiraron completamente de Bucha el 30 de marzo\u00bb, mientras que el Kremlin rechaz\u00f3 las im\u00e1genes que se conocieron desde el lugar y las llamaron \u00abfalsas\u00bb e inventadas por Ucrania.<\/p>\n\n\n\n<p>El reclamo se repiti\u00f3 el lunes en Naciones Unidas, cuando el enviado especial de Mosc\u00fa Vassily Nebenzia reiter\u00f3 en una conferencia de prensa que los cad\u00e1veres fotografiados en Bucha no estaban all\u00ed antes de que las tropas rusas abandonaran la ciudad.<\/p>\n\n\n\n<p>\u00abDe repente aparecen en las calles sobre el camino, uno por uno, a la derecha e izquierda, algunos movi\u00e9ndose, algunos dando se\u00f1ales de vida\u00bb, dijo, alegando que las escenas fueron \u00aborganizadas por la informaci\u00f3n ucraniana, una m\u00e1quina de guerra de la informaci\u00f3n\u201d.<\/p>\n\n\n\n<p>Sin embargo, las im\u00e1genes del sat\u00e9lite Maxar datan del 19 y 21 de marzo y muestran que los m\u00faltiples cuerpos ya estaban en esa calle para ese momento.<\/p>\n\n\n\n<p>De acuerdo con el an\u00e1lisis del New York Times, las im\u00e1genes de Maxar muestran objetos oscuros similares en tama\u00f1o a los de cuerpos humanos que yac\u00edan en la calle entre el 9 y 11 de marzo.<\/p>\n\n\n\n<p>Muchos de los cuerpos fotografiados por el sat\u00e9lite aparecen exactamente en la misma posici\u00f3n que muestra un video a ras de suelo en la misma calle, que film\u00f3 un miembro del consejo local ucraniano, y que aparecen en fotograf\u00edas de medios internacionales.<\/p>\n\n\n\n<p>En una segunda comparaci\u00f3n paralela, el New York Times result\u00f3 un video publicado en Instagram donde un cuerpo se ve en la calle frente a dos veh\u00edculos. La imagen satelital del 21 de marzo muestra el cad\u00e1ver y los autom\u00f3viles en la misma ubicaci\u00f3n.<\/p>\n\n\n\n<p>(Informaci\u00f3n de agencias internacionales en \u201cExc\u00e9lsior\u201d)<\/p>\n","protected":false},"excerpt":{"rendered":"<p>Redacci\u00f3n\/Zona Roja Cdmx. Ciudad de M\u00e9xico, 5 de marzo de 2022.- Im\u00e1genes satelitales publicadas el&hellip;<\/p>\n","protected":false},"author":2,"featured_media":39601,"comment_status":"closed","ping_status":"open","sticky":false,"template":"","format":"standard","meta":{"_lmt_disableupdate":"","_lmt_disable":"","_jetpack_memberships_contains_paid_content":false,"footnotes":""},"categories":[109,47],"tags":[3040],"class_list":["post-39600","post","type-post","status-publish","format-standard","has-post-thumbnail","hentry","category-minuto-a-minuto","category-zona-gris","tag-conflicto-ucrania-rusia-2"],"jetpack_featured_media_url":"https:\/\/zonaroja.com.mx\/wp-content\/uploads\/2022\/04\/Cuerpos-cadaveres-Ucrania-Rusia.jpg","jetpack_sharing_enabled":true,"_links":{"self":[{"href":"https:\/\/zonaroja.com.mx\/index.php?rest_route=\/wp\/v2\/posts\/39600","targetHints":{"allow":["GET"]}}],"collection":[{"href":"https:\/\/zonaroja.com.mx\/index.php?rest_route=\/wp\/v2\/posts"}],"about":[{"href":"https:\/\/zonaroja.com.mx\/index.php?rest_route=\/wp\/v2\/types\/post"}],"author":[{"embeddable":true,"href":"https:\/\/zonaroja.com.mx\/index.php?rest_route=\/wp\/v2\/users\/2"}],"replies":[{"embeddable":true,"href":"https:\/\/zonaroja.com.mx\/index.php?rest_route=%2Fwp%2Fv2%2Fcomments&post=39600"}],"version-history":[{"count":1,"href":"https:\/\/zonaroja.com.mx\/index.php?rest_route=\/wp\/v2\/posts\/39600\/revisions"}],"predecessor-version":[{"id":39602,"href":"https:\/\/zonaroja.com.mx\/index.php?rest_route=\/wp\/v2\/posts\/39600\/revisions\/39602"}],"wp:featuredmedia":[{"embeddable":true,"href":"https:\/\/zonaroja.com.mx\/index.php?rest_route=\/wp\/v2\/media\/39601"}],"wp:attachment":[{"href":"https:\/\/zonaroja.com.mx\/index.php?rest_route=%2Fwp%2Fv2%2Fmedia&parent=39600"}],"wp:term":[{"taxonomy":"category","embeddable":true,"href":"https:\/\/zonaroja.com.mx\/index.php?rest_route=%2Fwp%2Fv2%2Fcategories&post=39600"},{"taxonomy":"post_tag","embeddable":true,"href":"https:\/\/zonaroja.com.mx\/index.php?rest_route=%2Fwp%2Fv2%2Ftags&post=39600"}],"curies":[{"name":"wp","href":"https:\/\/api.w.org\/{rel}","templated":true}]}}