{"id":39605,"date":"2022-04-05T07:39:44","date_gmt":"2022-04-05T12:39:44","guid":{"rendered":"http:\/\/www.zonaroja.com.mx\/?p=39605"},"modified":"2022-04-05T07:39:45","modified_gmt":"2022-04-05T12:39:45","slug":"necesario-fortalecer-la-igualdad-y-equidad-de-genero-en-la-constitucion","status":"publish","type":"post","link":"https:\/\/zonaroja.com.mx\/?p=39605","title":{"rendered":"Necesario fortalecer la igualdad y equidad de g\u00e9nero en la Constituci\u00f3n"},"content":{"rendered":"\n<p>Redacci\u00f3n\/Zona Roja.<\/p>\n\n\n\n<p>Oaxaca de Ju\u00e1rez, Oax., 5 de abril de 2022.- El titular del Poder Judicial del Estado, magistrado Eduardo Pinacho S\u00e1nchez afirm\u00f3 que&nbsp;\u201cla perspectiva de g\u00e9nero se ha convertido en una herramienta metodol\u00f3gica, pero sobre todo en un punto de referencia fundamental para la implementaci\u00f3n de pol\u00edticas p\u00fablicas, para reformar nuestra legislaci\u00f3n y para garantizar&nbsp;a trav\u00e9s del quehacer jurisdiccional, la igualdad de derechos entre hombres y mujeres\u201d.<\/p>\n\n\n\n<p>En su intervenci\u00f3n &nbsp;en el marco&nbsp;de la conferencia magistral&nbsp;\u201cLa paridad de g\u00e9nero en la Constituci\u00f3n Pol\u00edtica del Estado de Oaxaca\u201d,&nbsp;a cargo de la Ministra de la Suprema Corte de Justicia de la Naci\u00f3n, Yasm\u00edn Esquivel Mossa, consider\u00f3 que la diversidad \u00e9tnica y cultural, la especial composici\u00f3n socioecon\u00f3mica y una muy particular orograf\u00eda impone la necesidad que Oaxaca disponga de leyes espec\u00edficas y diferenciadas que armonicen tal pluralidad.&nbsp;<\/p>\n\n\n\n<p>En la ponencia, que form\u00f3 parte de las actividades c\u00edvicas, art\u00edsticas y culturales&nbsp;organizadas por el&nbsp;Comit\u00e9 para la Conmemoraci\u00f3n del Centenario de la Constituci\u00f3n Pol\u00edtica del Estado Libre y Soberano de Oaxaca, el cual integra el Poder Judicial del Estado, el Magistrado Presidente&nbsp;refiri\u00f3 que la Constituci\u00f3n de 1922 permiti\u00f3 muchos avances en materia&nbsp;de igualdad y equidad de g\u00e9nero; sin embargo,&nbsp;a\u00fan hay retos y desaf\u00edos para fomentar mejores pol\u00edticas p\u00fablicas en este rubro.<\/p>\n\n\n\n<p>\u201cCien a\u00f1os despu\u00e9s, todav\u00eda se encuentra en desarrollo hacia una igualdad en la que, todos, hombres y mujeres, juntos, unidos arm\u00f3nicamente, aspiramos a que del simple verbo, del mero discurso, se migre en el quehacer sustantivo y real en los diferentes \u00e1mbitos de la vida social, en la elaboraci\u00f3n, en la implementaci\u00f3n y en la aplicaci\u00f3n de la ley\u201d, se\u00f1al\u00f3 en presencia de los titulares de los poderes Ejecutivo y Legislativo.&nbsp;<\/p>\n\n\n\n<p>Por su parte,&nbsp;la Ministra de la Suprema Corte de Justicia de la Naci\u00f3n, agradeci\u00f3 la invitaci\u00f3n a este evento del Centenario de la Constituci\u00f3n, y resalt\u00f3 la importancia que tiene este documento&nbsp;con&nbsp;testimonios escritos de la historia pol\u00edtica y social del pa\u00eds y de los estados,&nbsp;que&nbsp;adem\u00e1s, sienta las bases para edificar un mejor futuro con perspectiva de g\u00e9nero para todas y todos los ciudadanos.<\/p>\n\n\n\n<p>Apunt\u00f3 que \u201cla celebraci\u00f3n de estos estos cien&nbsp;a\u00f1os de la Constituci\u00f3n del Estado Libre y Soberano de Oaxaca, tiene que servir para reafirmar esos anhelos de libertad, de igualdad y de justicia, ya que comparte sin duda el linaje de aquellos documentos que buscaron positivamente el mejoramiento de la calidad de vida de sus pueblos, son muchos los timbres de orgullo que cada persona debe tener al escuchar hablar de ello\u201d.<\/p>\n","protected":false},"excerpt":{"rendered":"<p>Redacci\u00f3n\/Zona Roja. Oaxaca de Ju\u00e1rez, Oax., 5 de abril de 2022.- El titular del Poder&hellip;<\/p>\n","protected":false},"author":2,"featured_media":39606,"comment_status":"closed","ping_status":"open","sticky":false,"template":"","format":"standard","meta":{"_lmt_disableupdate":"","_lmt_disable":"","_jetpack_memberships_contains_paid_content":false,"footnotes":""},"categories":[109,46],"tags":[223],"class_list":["post-39605","post","type-post","status-publish","format-standard","has-post-thumbnail","hentry","category-minuto-a-minuto","category-zona-blanca","tag-poder-judicial-de-oaxaca"],"jetpack_featured_media_url":"https:\/\/zonaroja.com.mx\/wp-content\/uploads\/2022\/04\/Conferencia-magistrada-presidente-Tribunal-Poder-Judicial.jpg","jetpack_sharing_enabled":true,"_links":{"self":[{"href":"https:\/\/zonaroja.com.mx\/index.php?rest_route=\/wp\/v2\/posts\/39605","targetHints":{"allow":["GET"]}}],"collection":[{"href":"https:\/\/zonaroja.com.mx\/index.php?rest_route=\/wp\/v2\/posts"}],"about":[{"href":"https:\/\/zonaroja.com.mx\/index.php?rest_route=\/wp\/v2\/types\/post"}],"author":[{"embeddable":true,"href":"https:\/\/zonaroja.com.mx\/index.php?rest_route=\/wp\/v2\/users\/2"}],"replies":[{"embeddable":true,"href":"https:\/\/zonaroja.com.mx\/index.php?rest_route=%2Fwp%2Fv2%2Fcomments&post=39605"}],"version-history":[{"count":1,"href":"https:\/\/zonaroja.com.mx\/index.php?rest_route=\/wp\/v2\/posts\/39605\/revisions"}],"predecessor-version":[{"id":39607,"href":"https:\/\/zonaroja.com.mx\/index.php?rest_route=\/wp\/v2\/posts\/39605\/revisions\/39607"}],"wp:featuredmedia":[{"embeddable":true,"href":"https:\/\/zonaroja.com.mx\/index.php?rest_route=\/wp\/v2\/media\/39606"}],"wp:attachment":[{"href":"https:\/\/zonaroja.com.mx\/index.php?rest_route=%2Fwp%2Fv2%2Fmedia&parent=39605"}],"wp:term":[{"taxonomy":"category","embeddable":true,"href":"https:\/\/zonaroja.com.mx\/index.php?rest_route=%2Fwp%2Fv2%2Fcategories&post=39605"},{"taxonomy":"post_tag","embeddable":true,"href":"https:\/\/zonaroja.com.mx\/index.php?rest_route=%2Fwp%2Fv2%2Ftags&post=39605"}],"curies":[{"name":"wp","href":"https:\/\/api.w.org\/{rel}","templated":true}]}}