{"id":39611,"date":"2022-04-05T10:08:00","date_gmt":"2022-04-05T15:08:00","guid":{"rendered":"http:\/\/www.zonaroja.com.mx\/?p=39611"},"modified":"2022-04-05T08:11:08","modified_gmt":"2022-04-05T13:11:08","slug":"campanas-a-la-gubernatura-en-oaxaca-la-eleccion-federal-de-2024-define-la-agenda-politica","status":"publish","type":"post","link":"https:\/\/zonaroja.com.mx\/?p=39611","title":{"rendered":"Campa\u00f1as a la gubernatura en Oaxaca: la elecci\u00f3n federal de 2024 define la agenda pol\u00edtica"},"content":{"rendered":"\n<p>Adri\u00e1n Ortiz Romero Cuevas<\/p>\n\n\n\n<p>Anteayer&nbsp;arranc\u00f3 el periodo de campa\u00f1as proselitistas en Oaxaca, y en otros cinco estados de la&nbsp;rep\u00fablica mexicana&nbsp;para&nbsp;elegir&nbsp;a sus respectivos&nbsp;gobernadores.&nbsp;En&nbsp;todos los casos,&nbsp;los&nbsp;procesos electorales estatales est\u00e1n&nbsp;determinados por la agenda pol\u00edtica de la elecci\u00f3n federal de 2024.&nbsp;Vale&nbsp;la pena revisar el caso&nbsp;Oaxaca.<\/p>\n\n\n\n<p>En&nbsp;efecto,&nbsp;en el arranque de las campa\u00f1as&nbsp;en Oaxaca&nbsp;existe&nbsp;un falso debate&nbsp;respecto&nbsp;a qu\u00e9 campa\u00f1a&nbsp;es la mejor, o qu\u00e9 candidato va mejor posicionado.&nbsp;M\u00e1s&nbsp;all\u00e1 de las ardientes posiciones respecto a uno&nbsp;u otro candidato, lo cierto es que el inicio del proselitismo&nbsp;no pasa de ser un&nbsp;mero&nbsp;simbolismo,&nbsp;al estar&nbsp;depositadas todas las perspectivas sobre el resultado&nbsp;de los comicios,&nbsp;en las estructuras&nbsp;y no en el trabajo&nbsp;partidista.&nbsp;<\/p>\n\n\n\n<p>M\u00e1s&nbsp;all\u00e1 de la parafernalia, o de los actos&nbsp;representativos realizados por los&nbsp;candidatos&nbsp;\u2014Salom\u00f3n Jara de Morena; Alejandro Avil\u00e9s del PRI-PRD;&nbsp;Natividad D\u00edaz&nbsp;del PAN y Alejandra Garc\u00eda de MC, adem\u00e1s de los dos candidatos ind\u00edgenas\u2014, lo cierto es que cada uno sabe exactamente en qu\u00e9&nbsp;posici\u00f3n&nbsp;arranca la campa\u00f1a, cu\u00e1les son sus perspectivas, y qu\u00e9&nbsp;debe hacer&nbsp;\u2014tanto&nbsp;en&nbsp;estructuras&nbsp;como en&nbsp;el trabajo electoral\u2014&nbsp;si es que quiere&nbsp;modificar parcialmente la posici\u00f3n en la que se encuentra.&nbsp;Ergo:&nbsp;ah\u00ed no hay sorpresas ni anhelos. La realidad es una para cada candidato, y fuera de eso todo lo dem\u00e1s en&nbsp;la campa\u00f1a ser\u00e1n apariencias.<\/p>\n\n\n\n<p>Lo&nbsp;que s\u00ed vale la pena revisar&nbsp;son las posiciones&nbsp;de los partidos&nbsp;no de cara a&nbsp;este proceso electoral, sino al&nbsp;federal&nbsp;de 2024.&nbsp;\u00bfPor qu\u00e9?&nbsp;Porque&nbsp;tanto en Morena como en&nbsp;la posible alianza PAN-PRI-PRD existen ya&nbsp;perspectivas en&nbsp;juego, independientemente de que,&nbsp;en esta ocasi\u00f3n,&nbsp;s\u00f3lo&nbsp;se dispute la gubernatura y no las dem\u00e1s posiciones&nbsp;legislativas&nbsp;\u2014diputaciones locales, diputaciones federales y senadur\u00edas\u2014&nbsp;en las&nbsp;que Oaxaca&nbsp;tambi\u00e9n&nbsp;tiene presencia nacional.&nbsp;Comencemos&nbsp;por Morena.<\/p>\n\n\n\n<p>La&nbsp;definici\u00f3n de Salom\u00f3n Jara como candidato de Morena no s\u00f3lo consolida su&nbsp;grupo,&nbsp;sino que adem\u00e1s confirma el hecho de que, si gana la gubernatura, tendr\u00e1&nbsp;la oportunidad&nbsp;\u2014y&nbsp;la responsabilidad\u2014&nbsp;de impulsar&nbsp;a toda&nbsp;una nueva clase pol\u00edtica.&nbsp;La&nbsp;puerta de entrada para todo eso ser\u00e1n&nbsp;las posiciones en el gabinete estatal,&nbsp;para impulsar desde ah\u00ed a quienes considere que pueden ser&nbsp;las posiciones legislativas de su grupo&nbsp;a partir de 2024.&nbsp;<\/p>\n\n\n\n<p>Jara&nbsp;tiene&nbsp;el campo abierto al&nbsp;haber terminado venciendo a&nbsp;Susana&nbsp;Harp&nbsp;en&nbsp;los tribunales,&nbsp;y no&nbsp;en un&nbsp;acuerdo&nbsp;pol\u00edtico que lo habr\u00eda obligado a cederle posiciones&nbsp;\u2014para sus allegados\u2014&nbsp;tanto en el gobierno como en la elecci\u00f3n federal&nbsp;de 2024.&nbsp;Hoy,&nbsp;de ganar la&nbsp;gubernatura,&nbsp;el escenario en pleno ser\u00e1 a favor de Jara y la clase pol\u00edtica que pretenda impulsar para tratar&nbsp;de trascender, a trav\u00e9s de alguno de sus cercanos, al 2028 cuando&nbsp;culmine su mandato como gobernador.&nbsp;<\/p>\n\n\n\n<p>Harp dejar\u00e1 de ser senadora hasta&nbsp;2024;&nbsp;y luego del descalabro actual&nbsp;\u2014el cual denot\u00f3 su&nbsp;ingenuidad, al ser utilizada por una&nbsp;facci\u00f3n&nbsp;al interior de Morena,&nbsp;y&nbsp;su&nbsp;falta de&nbsp;sensibilidad&nbsp;pol\u00edtica&nbsp;en&nbsp;un&nbsp;partido horizontal\u2014&nbsp;no tendr\u00e1 juego alguno como para lograr ser contrapeso de Salom\u00f3n Jara, si&nbsp;\u00e9ste resulta electo&nbsp;gobernador.&nbsp;Quiz\u00e1&nbsp;podr\u00eda&nbsp;colarse como candidata a una diputaci\u00f3n federal, pero evidentemente&nbsp;ya no en la posici\u00f3n de ser&nbsp;dicho espacio consecuencia de una negociaci\u00f3n pol\u00edtica, sino de&nbsp;un premio de consolaci\u00f3n.&nbsp;Y&nbsp;hasta para&nbsp;eso,&nbsp;qui\u00e9n sabe si&nbsp;le alcance.&nbsp;<\/p>\n\n\n\n<p>\u00bfCu\u00e1l es el reto de Jara Cruz?&nbsp;Impulsar&nbsp;genuinamente&nbsp;una nueva clase pol\u00edtica.&nbsp;Una&nbsp;nueva generaci\u00f3n&nbsp;pol\u00edtica que emerja de su grupo, y que&nbsp;ataje&nbsp;los intentos deconcertacesiones que&nbsp;seguramente desde ya le est\u00e1n&nbsp;intentando ofrecer&nbsp;desde los grupos contrarios,&nbsp;para facilitarle el espejismo de una&nbsp;\u201ctransici\u00f3n plena\u201d&nbsp;pero pactada. Oaxaca ir\u00eda por su&nbsp;tercera alternancia de partidos en el poder.&nbsp;Y&nbsp;m\u00e1s all\u00e1 de lo&nbsp;que se diga, lo cierto es que existe la madurez suficiente&nbsp;entre la ciudadan\u00eda&nbsp;para&nbsp;permitir el paso a un gobierno de filiaci\u00f3n distinta a la actual.<\/p>\n\n\n\n<p>REJUEGOS PAN-PRI<\/p>\n\n\n\n<p>Es lamentable el caso del&nbsp;PRD, que&nbsp;con su decisi\u00f3n de aliarse con el PRI&nbsp;s\u00f3lo abona&nbsp;a su extinci\u00f3n.&nbsp;Lo&nbsp;relevante en este juego de sumas y restas se encuentra en las razones que&nbsp;tuvo el&nbsp;PAN&nbsp;para no ir&nbsp;con el PRI.&nbsp;La&nbsp;perspectiva&nbsp;tambi\u00e9ntiene que ver con el 2024.&nbsp;\u00bfPor&nbsp;qu\u00e9?&nbsp;Porque&nbsp;el&nbsp;PAN ve al PRI como un partido o que est\u00e1 entregado&nbsp;al&nbsp;presidente, o que en cualquier momento&nbsp;lo har\u00e1.<\/p>\n\n\n\n<p>De&nbsp;manera concomitante a ello, saben&nbsp;tambi\u00e9n&nbsp;que el PRI&nbsp;carece de un candidato&nbsp;presidencial&nbsp;fuerte&nbsp;para 2024;&nbsp;y&nbsp;que, en&nbsp;la posibilidad de una coalici\u00f3n&nbsp;entre ellos&nbsp;para los&nbsp;comicios federales&nbsp;pr\u00f3ximos,&nbsp;ser\u00e1 mucho m\u00e1s f\u00e1cil&nbsp;y viable que el PRI se una&nbsp;con el PAN para llevar juntos un abanderado&nbsp;emergido de las filas del albiazul.&nbsp;La&nbsp;realidad es innegable: mientras&nbsp;los tricolores van de lado en pr\u00e1cticamente todas las discusiones relevantes de la vida nacional, el PAN ha mostrado una posici\u00f3n mucho m\u00e1s&nbsp;consistente con&nbsp;su&nbsp;condici\u00f3n de fuerza opositora.<\/p>\n\n\n\n<p>En&nbsp;ese contexto, el panismo oaxaque\u00f1o consider\u00f3 que no era viable&nbsp;permitir una alianza electoral&nbsp;estatal&nbsp;con el&nbsp;PRI, porque no&nbsp;tuvieron&nbsp;certeza de que el&nbsp;PRI pudiera hacerlos incrementar su cauda de votaci\u00f3n&nbsp;en la entidad&nbsp;\u2014saben que tienen una presencia discreta en&nbsp;el electorado, aunque propia\u2014;&nbsp;y porque independientemente de todo,&nbsp;no hab\u00eda ninguna perspectiva de qu\u00e9 se podr\u00eda negociar en una elecci\u00f3n en la que no hay otra posici\u00f3n m\u00e1s que la de la gubernatura, que ahora menos que nunca el PRI tiene claro si la puede ganar o no.<\/p>\n\n\n\n<p>Al&nbsp;final, de ah\u00ed se entiende el enojo&nbsp;que hace algunos d\u00edas expres\u00f3 el Gobernador respecto al PAN.&nbsp;No&nbsp;fue&nbsp;el PRI, sino los panistas, los que rechazaron espec\u00edficamente la alianza&nbsp;electoral en Oaxaca.&nbsp;Y&nbsp;eso se sum\u00f3&nbsp;a&nbsp;la necesidad del&nbsp;Gobernador Alejandro Murat&nbsp;de mantener&nbsp;a toda costa&nbsp;su buena relaci\u00f3n con el&nbsp;presidente, que no ve al tricolor&nbsp;como su adversario hist\u00f3rico,&nbsp;sino al panismo.&nbsp;Habr\u00e1&nbsp;que ver&nbsp;qu\u00e9 tanto incide esta posici\u00f3n en la perspectiva de una coalici\u00f3nnacional para&nbsp;2024, o qu\u00e9 tanto logra diluirse en la euforia de las campa\u00f1as electorales.<\/p>\n\n\n\n<p>Al&nbsp;final, tanto Alejandro Avil\u00e9s como Natividad&nbsp;D\u00edaz est\u00e1n participando&nbsp;como candidatos&nbsp;no&nbsp;s\u00f3lo en el&nbsp;contexto de la elecci\u00f3n actual, sino sobre todo en la perspectiva de qu\u00e9 tanto afianzan sus posiciones para competir en 2024,&nbsp;por alguna de las posiciones que&nbsp;\u2014entonces s\u00ed\u2014&nbsp;estar\u00e1n en juego.&nbsp;El&nbsp;llamado&nbsp;\u201cpi\u00f1atazo\u201d&nbsp;ser\u00e1&nbsp;hasta entonces.&nbsp;Pero&nbsp;no podr\u00e1 participar de&nbsp;\u00e9l,&nbsp;quien no tenga&nbsp;consolidada una&nbsp;posici\u00f3n&nbsp;\u2014y un margen de&nbsp;votaci\u00f3n\u2014&nbsp;en la elecci\u00f3n actual.&nbsp;Por&nbsp;eso&nbsp;hoy&nbsp;2024 est\u00e1 jugando&nbsp;m\u00e1s de lo que&nbsp;muchos nos imaginamos.<\/p>\n\n\n\n<p>EPITAFIO<\/p>\n\n\n\n<p>S\u00f3lo&nbsp;la embriaguez&nbsp;de poder&nbsp;explica que al final, en la UABJO, puros y conversos est\u00e9n tratando de&nbsp;asegurar&nbsp;una&nbsp;\u201ctransici\u00f3n\u201d&nbsp;en la rector\u00eda que no podr\u00eda ser m\u00e1s ignominiosa:&nbsp;impulsando, al mejor estilo de&nbsp;Abraham Mart\u00ednez Alavez,&nbsp;jefe&nbsp;de la Familia Real, a un personaje desconocido, ajeno a la vida universitaria, sin cr\u00e9dito social ni&nbsp;prestigio&nbsp;acad\u00e9mico, y s\u00f3lo como un t\u00edtere.&nbsp;Utilizar&nbsp;de esa manera a una persona, que es&nbsp;conocida en&nbsp;otros&nbsp;\u00e1mbitos\u2014muy&nbsp;cercanos&nbsp;a los negocios desde el poder, lo cual pareci\u00f3 haber sido determinante para impulsarlo\u2014&nbsp;pero no en el acad\u00e9mico, para tratar de&nbsp;calmar la efervescencia pol\u00edtica universitaria, es como tratar de apagar el fuego&nbsp;con gasolina.&nbsp;En&nbsp;esas condiciones,&nbsp;\u00bfqu\u00e9 diferencia hay entre impulsar&nbsp;\u2014fallidamente\u2014&nbsp;a Cristian Carre\u00f1o,&nbsp;que&nbsp;al&nbsp;\u201c\u00c1guila\u201d;&nbsp;al difunto&nbsp;Rub\u00e9n Marmolejo, alias&nbsp;\u201cel drag\u00f3n\u201d&nbsp;o&nbsp;a\u201cChava Taquero\u201d&nbsp;como Rector?&nbsp;Abundaremos.<\/p>\n\n\n\n<p>http:\/\/columnaalmargen.mx<\/p>\n\n\n\n<p>@columnaalmargen<\/p>\n\n\n\n<p>@ortizromeroc<\/p>\n","protected":false},"excerpt":{"rendered":"<p>Adri\u00e1n Ortiz Romero Cuevas Anteayer&nbsp;arranc\u00f3 el periodo de campa\u00f1as proselitistas en Oaxaca, y en otros&hellip;<\/p>\n","protected":false},"author":2,"featured_media":36612,"comment_status":"closed","ping_status":"open","sticky":false,"template":"","format":"standard","meta":{"_lmt_disableupdate":"","_lmt_disable":"","_jetpack_memberships_contains_paid_content":false,"footnotes":""},"categories":[456,109],"tags":[2994],"class_list":["post-39611","post","type-post","status-publish","format-standard","has-post-thumbnail","hentry","category-columna","category-minuto-a-minuto","tag-adrian-ortiz-romero-cuevas"],"jetpack_featured_media_url":"https:\/\/zonaroja.com.mx\/wp-content\/uploads\/2022\/01\/Adrian-Ortiz-Romero.jpg","jetpack_sharing_enabled":true,"_links":{"self":[{"href":"https:\/\/zonaroja.com.mx\/index.php?rest_route=\/wp\/v2\/posts\/39611","targetHints":{"allow":["GET"]}}],"collection":[{"href":"https:\/\/zonaroja.com.mx\/index.php?rest_route=\/wp\/v2\/posts"}],"about":[{"href":"https:\/\/zonaroja.com.mx\/index.php?rest_route=\/wp\/v2\/types\/post"}],"author":[{"embeddable":true,"href":"https:\/\/zonaroja.com.mx\/index.php?rest_route=\/wp\/v2\/users\/2"}],"replies":[{"embeddable":true,"href":"https:\/\/zonaroja.com.mx\/index.php?rest_route=%2Fwp%2Fv2%2Fcomments&post=39611"}],"version-history":[{"count":1,"href":"https:\/\/zonaroja.com.mx\/index.php?rest_route=\/wp\/v2\/posts\/39611\/revisions"}],"predecessor-version":[{"id":39612,"href":"https:\/\/zonaroja.com.mx\/index.php?rest_route=\/wp\/v2\/posts\/39611\/revisions\/39612"}],"wp:featuredmedia":[{"embeddable":true,"href":"https:\/\/zonaroja.com.mx\/index.php?rest_route=\/wp\/v2\/media\/36612"}],"wp:attachment":[{"href":"https:\/\/zonaroja.com.mx\/index.php?rest_route=%2Fwp%2Fv2%2Fmedia&parent=39611"}],"wp:term":[{"taxonomy":"category","embeddable":true,"href":"https:\/\/zonaroja.com.mx\/index.php?rest_route=%2Fwp%2Fv2%2Fcategories&post=39611"},{"taxonomy":"post_tag","embeddable":true,"href":"https:\/\/zonaroja.com.mx\/index.php?rest_route=%2Fwp%2Fv2%2Ftags&post=39611"}],"curies":[{"name":"wp","href":"https:\/\/api.w.org\/{rel}","templated":true}]}}