{"id":3962,"date":"2019-09-14T12:11:22","date_gmt":"2019-09-14T17:11:22","guid":{"rendered":"http:\/\/www.zonaroja.com.mx\/?p=3962"},"modified":"2019-09-14T12:11:25","modified_gmt":"2019-09-14T17:11:25","slug":"indignante-y-cruel-destino-abaten-a-tres-ninos-presuntamente-sicarios","status":"publish","type":"post","link":"https:\/\/zonaroja.com.mx\/?p=3962","title":{"rendered":"Indignante y cruel destino: abaten a tres ni\u00f1os presuntamente sicarios"},"content":{"rendered":"\n<p>Redacci\u00f3n\/Zona\nRoja Cdmx.<\/p>\n\n\n\n<p>Ciudad de\nM\u00e9xico, 14 de septiembre de 2019.- Tres presuntos sicarios, menores de edad,\nfueron abatidos por agentes de la Polic\u00eda Municipal en San Luis R\u00edo Colorado, Sonora,\ncuando fueron sorprendidos asesinando a un joven de 19 a\u00f1os de edad y en su\nintento por escapar atacaron a los oficiales de la corporaci\u00f3n.<\/p>\n\n\n\n<p>Los hechos\nocurrieron el domingo a las 17:21 horas (19:21 tiempo de la Ciudad de M\u00e9xico),\nen avenida Dalias y calle 48 de la colonia Libertad, a un kil\u00f3metro de la l\u00ednea\nfronteriza entre Sonora y Arizona, inform\u00f3 el diario Excelsior.<\/p>\n\n\n\n<p>Seg\u00fan las\nversiones difundidas por el Departamento de Seguridad P\u00fablica Municipal los\ntres menores, identificados como Alexis R., de 14 a\u00f1os de edad; Mois\u00e9s O. y\nArmando F. de 17 a\u00f1os, ejecutaron con sus armas a Juli\u00e1n A. R., en avenida\nMazatl\u00e1n entre las calles 11 y 12.<\/p>\n\n\n\n<p>En el ataque\nfueron sorprendidos por una unidad de Polic\u00eda Municipal que termin\u00f3 cuando los\ntres presuntos \u201cni\u00f1os sicarios\u201d dispararon contra los agentes, quienes los\nmataron al repeler la agresi\u00f3n.<\/p>\n\n\n\n<p>Cuestionada\nal respecto, la gobernadora de Sonora, Claudia Pavlovich Arellano, dijo que\nrespeta la autonom\u00eda de los municipios, por lo que ser\u00e1 la Polic\u00eda Municipal\nquien responda sobre el enfrentamiento con menores de edad.<\/p>\n\n\n\n<p>\u201cDicen que\nes por falta de oportunidades, pero no, no es por falta de oportunidades, es\npor falta de valores y principios que empiezan a estar en bandas del crimen\norganizado, no tiene nombre lo que pas\u00f3 ah\u00ed, simple y sencillamente no tiene\nnombre\u201d, lament\u00f3.<\/p>\n\n\n\n<p>Los\nhabitantes de San Luis R\u00edo Colorado lamentaron los hechos en redes sociales,\ndonde externaron la consternaci\u00f3n e indignaci\u00f3n por esta tragedia.<\/p>\n","protected":false},"excerpt":{"rendered":"<p>Redacci\u00f3n\/Zona Roja Cdmx. Ciudad de M\u00e9xico, 14 de septiembre de 2019.- Tres presuntos sicarios, menores&hellip;<\/p>\n","protected":false},"author":2,"featured_media":3963,"comment_status":"closed","ping_status":"open","sticky":false,"template":"","format":"standard","meta":{"_lmt_disableupdate":"","_lmt_disable":"","_jetpack_memberships_contains_paid_content":false,"footnotes":""},"categories":[109,51],"tags":[710,711],"class_list":["post-3962","post","type-post","status-publish","format-standard","has-post-thumbnail","hentry","category-minuto-a-minuto","category-zona-roja","tag-ninos-sicarios","tag-san-luis-rio-colorado"],"jetpack_featured_media_url":"https:\/\/zonaroja.com.mx\/wp-content\/uploads\/2019\/09\/ni\u00f1os-sicarios.jpg","jetpack_sharing_enabled":true,"_links":{"self":[{"href":"https:\/\/zonaroja.com.mx\/index.php?rest_route=\/wp\/v2\/posts\/3962","targetHints":{"allow":["GET"]}}],"collection":[{"href":"https:\/\/zonaroja.com.mx\/index.php?rest_route=\/wp\/v2\/posts"}],"about":[{"href":"https:\/\/zonaroja.com.mx\/index.php?rest_route=\/wp\/v2\/types\/post"}],"author":[{"embeddable":true,"href":"https:\/\/zonaroja.com.mx\/index.php?rest_route=\/wp\/v2\/users\/2"}],"replies":[{"embeddable":true,"href":"https:\/\/zonaroja.com.mx\/index.php?rest_route=%2Fwp%2Fv2%2Fcomments&post=3962"}],"version-history":[{"count":1,"href":"https:\/\/zonaroja.com.mx\/index.php?rest_route=\/wp\/v2\/posts\/3962\/revisions"}],"predecessor-version":[{"id":3964,"href":"https:\/\/zonaroja.com.mx\/index.php?rest_route=\/wp\/v2\/posts\/3962\/revisions\/3964"}],"wp:featuredmedia":[{"embeddable":true,"href":"https:\/\/zonaroja.com.mx\/index.php?rest_route=\/wp\/v2\/media\/3963"}],"wp:attachment":[{"href":"https:\/\/zonaroja.com.mx\/index.php?rest_route=%2Fwp%2Fv2%2Fmedia&parent=3962"}],"wp:term":[{"taxonomy":"category","embeddable":true,"href":"https:\/\/zonaroja.com.mx\/index.php?rest_route=%2Fwp%2Fv2%2Fcategories&post=3962"},{"taxonomy":"post_tag","embeddable":true,"href":"https:\/\/zonaroja.com.mx\/index.php?rest_route=%2Fwp%2Fv2%2Ftags&post=3962"}],"curies":[{"name":"wp","href":"https:\/\/api.w.org\/{rel}","templated":true}]}}