{"id":39630,"date":"2022-04-05T19:00:51","date_gmt":"2022-04-06T00:00:51","guid":{"rendered":"http:\/\/www.zonaroja.com.mx\/?p=39630"},"modified":"2022-04-05T19:00:52","modified_gmt":"2022-04-06T00:00:52","slug":"cinco-incendios-activos-consumen-mas-de-400-hectarea-en-oaxaca-van-58-en-2022","status":"publish","type":"post","link":"https:\/\/zonaroja.com.mx\/?p=39630","title":{"rendered":"Cinco incendios activos consumen m\u00e1s de 400 hect\u00e1rea en Oaxaca; van 58 en 2022"},"content":{"rendered":"\n<p>Yuridiana Sosa\/Zona Roja.<\/p>\n\n\n\n<p>Oaxaca de Ju\u00e1rez, Oax., 05 de abril de 2022.-&nbsp;La Comisi\u00f3n Estatal Forestal de Oaxaca (Coesfo) report\u00f3 el registro de 58 incendios forestales en lo que va de este a\u00f1o, del 1 de enero al corte de este martes, con afectaciones en m\u00e1s de tres mil 600 hect\u00e1reas.&nbsp;<\/p>\n\n\n\n<p>El director de dependencia, Aar\u00f3n Ju\u00e1rez, apunt\u00f3 que del total de&nbsp;conflagraciones se mantienen activas cinco, las cuales reanudaron ante altas temperaturas en la entidad y en un caso provocado por conflicto agrario.&nbsp;<\/p>\n\n\n\n<p>El incendio de Santiago Juxtlahuaca, ocurrido en el paraje de&nbsp;Yutazani e Infiernillo, en la regi\u00f3n Mixteca, fue provocado y ha afectado alrededor de 400 hect\u00e1reas.&nbsp;<\/p>\n\n\n\n<p>Esta conflagraci\u00f3n lleva activa cinco d\u00edas, con una liquidaci\u00f3n del 30 por ciento, pero controlado en un 90 por ciento, report\u00f3 el director de la Coesfo.&nbsp;<\/p>\n\n\n\n<p>Otro incendio que se encuentra activo en esa regi\u00f3n se localiza en&nbsp;San Mart\u00edn Peras, en el paraje de&nbsp;Bienes comunales esa localidad, acumulando tres d\u00edas de afectaciones con total de10 hect\u00e1reas siniestradas, con un control del 90 por ciento y una liquidaci\u00f3n del 50 por ciento.&nbsp;<\/p>\n\n\n\n<p>La Comisi\u00f3n Estatal Forestal tambi\u00e9n combate un incendio en&nbsp;San Francisco Sola de Vega, en la &nbsp;regi\u00f3n de la&nbsp;Sierra Sur, en el paraje \u201cEl Obispo\u201d, donde el fuego ha consumido cinco hect\u00e1reas en el transcurso de cuatro d\u00edas, en los que se ha logrado una liquidaci\u00f3n del 60 por ciento.&nbsp;<\/p>\n\n\n\n<p>En&nbsp;San Miguel del Puerto, en la&nbsp;Costa, se report\u00f3 desde hace tres d\u00edas &nbsp;un incendio en el paraje del&nbsp;\u201cCerro Aguacate\u201d, el cual ha consumido cinco hect\u00e1reas; la liquidaci\u00f3n de este fuego alcanz\u00f3 un 25 por ciento.&nbsp;<\/p>\n\n\n\n<p>A la lista se sum\u00f3 el incendio en San Mar\u00eda La Asunci\u00f3n, en la regi\u00f3n Ca\u00f1ada, en el paraje \u201cTarshou\u201d, el cual se mantiene desde hace dos d\u00edas, afectando 10 hect\u00e1reas y donde los brigadistas han logrado el control del fuego en un 80 por ciento y la liquidaci\u00f3n del 40 por ciento.<\/p>\n\n\n\n<p>Los incendios de este a\u00f1o han causado da\u00f1os en un aproximado de tres mil 650.28 hect\u00e1reas de diversas especies de la flora, indic\u00f3 la Coesfo.&nbsp;<\/p>\n","protected":false},"excerpt":{"rendered":"<p>Yuridiana Sosa\/Zona Roja. Oaxaca de Ju\u00e1rez, Oax., 05 de abril de 2022.-&nbsp;La Comisi\u00f3n Estatal Forestal&hellip;<\/p>\n","protected":false},"author":2,"featured_media":39631,"comment_status":"closed","ping_status":"open","sticky":false,"template":"","format":"standard","meta":{"_lmt_disableupdate":"","_lmt_disable":"","_jetpack_memberships_contains_paid_content":false,"footnotes":""},"categories":[109,47],"tags":[1255],"class_list":["post-39630","post","type-post","status-publish","format-standard","has-post-thumbnail","hentry","category-minuto-a-minuto","category-zona-gris","tag-comision-estatal-forestal-de-oaxaca"],"jetpack_featured_media_url":"https:\/\/zonaroja.com.mx\/wp-content\/uploads\/2022\/04\/Incendios-forestales-Oaxaca.jpg","jetpack_sharing_enabled":true,"_links":{"self":[{"href":"https:\/\/zonaroja.com.mx\/index.php?rest_route=\/wp\/v2\/posts\/39630","targetHints":{"allow":["GET"]}}],"collection":[{"href":"https:\/\/zonaroja.com.mx\/index.php?rest_route=\/wp\/v2\/posts"}],"about":[{"href":"https:\/\/zonaroja.com.mx\/index.php?rest_route=\/wp\/v2\/types\/post"}],"author":[{"embeddable":true,"href":"https:\/\/zonaroja.com.mx\/index.php?rest_route=\/wp\/v2\/users\/2"}],"replies":[{"embeddable":true,"href":"https:\/\/zonaroja.com.mx\/index.php?rest_route=%2Fwp%2Fv2%2Fcomments&post=39630"}],"version-history":[{"count":1,"href":"https:\/\/zonaroja.com.mx\/index.php?rest_route=\/wp\/v2\/posts\/39630\/revisions"}],"predecessor-version":[{"id":39632,"href":"https:\/\/zonaroja.com.mx\/index.php?rest_route=\/wp\/v2\/posts\/39630\/revisions\/39632"}],"wp:featuredmedia":[{"embeddable":true,"href":"https:\/\/zonaroja.com.mx\/index.php?rest_route=\/wp\/v2\/media\/39631"}],"wp:attachment":[{"href":"https:\/\/zonaroja.com.mx\/index.php?rest_route=%2Fwp%2Fv2%2Fmedia&parent=39630"}],"wp:term":[{"taxonomy":"category","embeddable":true,"href":"https:\/\/zonaroja.com.mx\/index.php?rest_route=%2Fwp%2Fv2%2Fcategories&post=39630"},{"taxonomy":"post_tag","embeddable":true,"href":"https:\/\/zonaroja.com.mx\/index.php?rest_route=%2Fwp%2Fv2%2Ftags&post=39630"}],"curies":[{"name":"wp","href":"https:\/\/api.w.org\/{rel}","templated":true}]}}