{"id":39642,"date":"2022-04-05T21:15:12","date_gmt":"2022-04-06T02:15:12","guid":{"rendered":"http:\/\/www.zonaroja.com.mx\/?p=39642"},"modified":"2022-04-05T21:15:14","modified_gmt":"2022-04-06T02:15:14","slug":"toman-oficina-del-hospital-civil-en-rechazo-al-traslado-al-hospital-de-la-mujer","status":"publish","type":"post","link":"https:\/\/zonaroja.com.mx\/?p=39642","title":{"rendered":"\u201cToman\u201d oficina del Hospital Civil en rechazo al traslado al Hospital de la Mujer"},"content":{"rendered":"\n<p>Yurdiana Sosa\/Zona Roja.<\/p>\n\n\n\n<p>Oaxaca de Ju\u00e1rez, Oax., 6 de abril de 2022.- Trabajadores del Hospital Civil \u201cDr. Aurelio Valdivieso\u201d de Oaxaca, \u201ctomaron\u201d las oficinas de Gobernaci\u00f3n del nosocomio, ante el rechazo del proyecto de traslado al Hospital de la Mujer y el Ni\u00f1o Oaxaque\u00f1o, en Reyes Mantec\u00f3n de San Bartolo Coyotepec, en Valles Centrales.<\/p>\n\n\n\n<p>Los integrantes de la Subsecci\u00f3n 07 de la Secci\u00f3n 35 del Sindicato Nacional de Trabajadores de Salud, acordaron en asamblea de este martes no aprobar la propuesta del gobernador Alejandro Murat Hinojosa, para la sustituci\u00f3n del Hospital Civil, la cual presuntamente fue avalada por la directora Eugenia Ruiz D\u00e1vila.<\/p>\n\n\n\n<p>Tras esta determinaci\u00f3n, los sindicalizados activaron una protesta con el cierre de las oficinas de la direcci\u00f3n del nosocomio perteneciente a los Servicios de Salud de Oaxaca (SSO).<\/p>\n\n\n\n<p>Para dar a conocer la problem\u00e1tica que tiene el Hospital Civil de Oaxaca, ubicado en la capital del estado, la Subsecci\u00f3n 07 de la Secci\u00f3n 35 del SNTSA ofrecer\u00e1 este mi\u00e9rcoles una conferencia de prensa, donde tambi\u00e9n plantear\u00e1 otros problemas que enfrenta el hospital m\u00e1s grande de la entidad.<\/p>\n\n\n\n<p>Tan solo en este a\u00f1o, los trabajadores han exhibido en dos ocasiones la falta de insumos y equipo para el lavado de la ropa de cama, as\u00ed como que el mal estado de las m\u00e1quinas ha causado lesiones entre el personal.<\/p>\n\n\n\n<p>Tambi\u00e9n la higiene y labores oportunas se han visto interrumpida por carencias como el servicio del gas, e insumos para limpiar los ba\u00f1os, como ocurri\u00f3 en diversas ocasiones en medio de la pandemia de Covid-19.<\/p>\n\n\n\n<p>Las carencias fueron denunciadas por la base trabajadora, sin embargo, no recibieron las atenciones necesarias para salir de la emergencia.<\/p>\n\n\n\n<p>Respecto al Hospital de la Mujer y el Ni\u00f1o Oaxaque\u00f1o, en marzo del 2020, el Gobierno del Estado habilit\u00f3 el nosocomio para atender a pacientes de Covid-19, con lo cual se puso en marcha luego de m\u00e1s de una d\u00e9cada de iniciado el proyecto de su construcci\u00f3n.<\/p>\n\n\n\n<p>El gobierno de Alejandro Murat destin\u00f3 unos 260 millones de pesos para que el Ej\u00e9rcito Mexicano lograra la conclusi\u00f3n del hospital iniciado desde el sexenio de Ulises Ruiz Ortiz, aunque fue durante la administraci\u00f3n de Jos\u00e9 Murat que ese complejo inici\u00f3 con fines de instalar oficinas de gobierno.<\/p>\n","protected":false},"excerpt":{"rendered":"<p>Yurdiana Sosa\/Zona Roja. Oaxaca de Ju\u00e1rez, Oax., 6 de abril de 2022.- Trabajadores del Hospital&hellip;<\/p>\n","protected":false},"author":2,"featured_media":7566,"comment_status":"closed","ping_status":"open","sticky":false,"template":"","format":"standard","meta":{"_lmt_disableupdate":"","_lmt_disable":"","_jetpack_memberships_contains_paid_content":false,"footnotes":""},"categories":[109,47],"tags":[1633],"class_list":["post-39642","post","type-post","status-publish","format-standard","has-post-thumbnail","hentry","category-minuto-a-minuto","category-zona-gris","tag-hospital-general-dr-aurelio-valdivieso"],"jetpack_featured_media_url":"https:\/\/zonaroja.com.mx\/wp-content\/uploads\/2020\/01\/Hospital-Civil.jpg","jetpack_sharing_enabled":true,"_links":{"self":[{"href":"https:\/\/zonaroja.com.mx\/index.php?rest_route=\/wp\/v2\/posts\/39642","targetHints":{"allow":["GET"]}}],"collection":[{"href":"https:\/\/zonaroja.com.mx\/index.php?rest_route=\/wp\/v2\/posts"}],"about":[{"href":"https:\/\/zonaroja.com.mx\/index.php?rest_route=\/wp\/v2\/types\/post"}],"author":[{"embeddable":true,"href":"https:\/\/zonaroja.com.mx\/index.php?rest_route=\/wp\/v2\/users\/2"}],"replies":[{"embeddable":true,"href":"https:\/\/zonaroja.com.mx\/index.php?rest_route=%2Fwp%2Fv2%2Fcomments&post=39642"}],"version-history":[{"count":1,"href":"https:\/\/zonaroja.com.mx\/index.php?rest_route=\/wp\/v2\/posts\/39642\/revisions"}],"predecessor-version":[{"id":39643,"href":"https:\/\/zonaroja.com.mx\/index.php?rest_route=\/wp\/v2\/posts\/39642\/revisions\/39643"}],"wp:featuredmedia":[{"embeddable":true,"href":"https:\/\/zonaroja.com.mx\/index.php?rest_route=\/wp\/v2\/media\/7566"}],"wp:attachment":[{"href":"https:\/\/zonaroja.com.mx\/index.php?rest_route=%2Fwp%2Fv2%2Fmedia&parent=39642"}],"wp:term":[{"taxonomy":"category","embeddable":true,"href":"https:\/\/zonaroja.com.mx\/index.php?rest_route=%2Fwp%2Fv2%2Fcategories&post=39642"},{"taxonomy":"post_tag","embeddable":true,"href":"https:\/\/zonaroja.com.mx\/index.php?rest_route=%2Fwp%2Fv2%2Ftags&post=39642"}],"curies":[{"name":"wp","href":"https:\/\/api.w.org\/{rel}","templated":true}]}}