{"id":39644,"date":"2022-04-05T22:11:43","date_gmt":"2022-04-06T03:11:43","guid":{"rendered":"http:\/\/www.zonaroja.com.mx\/?p=39644"},"modified":"2022-04-05T22:11:45","modified_gmt":"2022-04-06T03:11:45","slug":"recorre-aaa-pueblos-de-la-cuenca-a-ras-de-tierra","status":"publish","type":"post","link":"https:\/\/zonaroja.com.mx\/?p=39644","title":{"rendered":"Recorre AAA pueblos de la Cuenca a ras de tierra"},"content":{"rendered":"\n<p>Redacci\u00f3n\/Zona Roja.<\/p>\n\n\n\n<p>Oaxaca de Ju\u00e1rez, Oax., 5 de abril de 2022.- En una campa\u00f1a cercana y directa con la gente, el candidato del PRI-PRD a la gubernatura de Oaxaca, Alejandro Avil\u00e9s \u00c1lvarez, mantiene un recorrido a ras de tierra por est\u00e1 regi\u00f3n, donde ha visitado en dos d\u00edas, los municipios de Cosolapa, San Miguel Soyaltepec, San Juan Bautista Tuxtepec, Loma Bonita y Santiago Yaveo, para llevar sus propuestas de gobierno a todas las comunidades urbanas y rurales.<\/p>\n\n\n\n<p>\u00abVoy a trabajar con la gente emprendedora que quiere un mejor futuro para Oaxaca; no olvido mis or\u00edgenes, a corta edad sal\u00ed a estudiar la preparatoria con una beca, para salir adelante\u00bb, dijo en entrevista con medios de comunicaci\u00f3n.<\/p>\n\n\n\n<p>\u00abSobreviv\u00ed con poco dinero para mis estudios, por eso conozco de las necesidades de la gente; s\u00e9 que las madres de familia muchas veces deben decidir si compran los zapatos o comida para sus hijos, o pagan la luz o la renta\u00bb, explic\u00f3.<\/p>\n\n\n\n<p>El triple AAA, se\u00f1al\u00f3 que es un luchador social de una familia de 11 hermanos, con ra\u00edces sencillas y humildes pero de esfuerzo y trabajo, que proviene del campo y del surco.<\/p>\n\n\n\n<p>\u00abNo quiero que se repita la historia donde las mujeres no saben si alcanzar\u00e1 el dinero para que sus hijos estudien o dejen las aulas, para irse a trabajar, tenemos que generar oportunidades de empleo\u00bb, indic\u00f3.<\/p>\n\n\n\n<p>El candidato tricolor, Alejandro Avil\u00e9s, expuso que en su gobierno todos los apoyos ser\u00e1n al triple, para todos los sectores sociales, por eso su campa\u00f1a es de frente con la gente para escuchar y conocer de manera directa las necesidades de los pueblos.<\/p>\n\n\n\n<p>\u00abMe comprometo a construir carreteras como la de Cosolapa que es una demanda prioritaria, tambi\u00e9n me compromet\u00ed con los productores, el medio ambiente, la seguridad, las mujeres, las personas con capacidades diferentes y los periodistas\u00bb&#8216;, recalc\u00f3.<\/p>\n\n\n\n<p>Por ello, expres\u00f3 que como gobernador, su gabinete legal y ampliado, contar\u00e1 &nbsp;con mujeres y hombres surgidos de las regiones, del trabajo de campo, que sepan y entiendan donde se tienen que atender las causas de la marginaci\u00f3n y pobreza.\u00bbTenemos un gran reto y no les voy a fallar\u00bb, destac\u00f3.<\/p>\n\n\n\n<p>En esta regi\u00f3n de la Cuenca, Alejandro Avil\u00e9s \u00c1lvarez aprovech\u00f3 para saludar a los comerciantes de los jugos de la v\u00eda de la estaci\u00f3n, de quienes reconoci\u00f3 son las manos que detonan la econom\u00eda local y son los que incentivan el emprendimiento familiar.<\/p>\n\n\n\n<p>\u00abVamos a mejorar las condiciones de vida de las familias comerciantes, lo merecen, deben tener acceso a salud y apoyos para la econom\u00eda\u00bb, refiri\u00f3.<\/p>\n\n\n\n<p>Posteriormente, el candidato com\u00fan del PRI-PRD, se reuni\u00f3 con simpatizantes del movimiento de campa\u00f1a en Loma Bonita, donde reiter\u00f3 que al llegar a la gubernatura, se terminar\u00e1n las injusticias causadas por la falta de oportunidades para el desarrollo y estabilidad colectiva.&nbsp;<\/p>\n\n\n\n<p>\u00abLo que les duele a ustedes me duele a m\u00ed, &nbsp;me duele ver a mi gente sufriendo, por eso quiero ser gobernador para acabar con las injusticias\u00bb, concluy\u00f3.<\/p>\n","protected":false},"excerpt":{"rendered":"<p>Redacci\u00f3n\/Zona Roja. Oaxaca de Ju\u00e1rez, Oax., 5 de abril de 2022.- En una campa\u00f1a cercana&hellip;<\/p>\n","protected":false},"author":2,"featured_media":39645,"comment_status":"closed","ping_status":"open","sticky":false,"template":"","format":"standard","meta":{"_lmt_disableupdate":"","_lmt_disable":"","_jetpack_memberships_contains_paid_content":false,"footnotes":""},"categories":[109,46],"tags":[316,2879],"class_list":["post-39644","post","type-post","status-publish","format-standard","has-post-thumbnail","hentry","category-minuto-a-minuto","category-zona-blanca","tag-alejandro-aviles-alvarez","tag-elecciones-oaxaca-2022"],"jetpack_featured_media_url":"https:\/\/zonaroja.com.mx\/wp-content\/uploads\/2022\/04\/Alejandro-Aviles-Cuenca-1.jpg","jetpack_sharing_enabled":true,"_links":{"self":[{"href":"https:\/\/zonaroja.com.mx\/index.php?rest_route=\/wp\/v2\/posts\/39644","targetHints":{"allow":["GET"]}}],"collection":[{"href":"https:\/\/zonaroja.com.mx\/index.php?rest_route=\/wp\/v2\/posts"}],"about":[{"href":"https:\/\/zonaroja.com.mx\/index.php?rest_route=\/wp\/v2\/types\/post"}],"author":[{"embeddable":true,"href":"https:\/\/zonaroja.com.mx\/index.php?rest_route=\/wp\/v2\/users\/2"}],"replies":[{"embeddable":true,"href":"https:\/\/zonaroja.com.mx\/index.php?rest_route=%2Fwp%2Fv2%2Fcomments&post=39644"}],"version-history":[{"count":1,"href":"https:\/\/zonaroja.com.mx\/index.php?rest_route=\/wp\/v2\/posts\/39644\/revisions"}],"predecessor-version":[{"id":39646,"href":"https:\/\/zonaroja.com.mx\/index.php?rest_route=\/wp\/v2\/posts\/39644\/revisions\/39646"}],"wp:featuredmedia":[{"embeddable":true,"href":"https:\/\/zonaroja.com.mx\/index.php?rest_route=\/wp\/v2\/media\/39645"}],"wp:attachment":[{"href":"https:\/\/zonaroja.com.mx\/index.php?rest_route=%2Fwp%2Fv2%2Fmedia&parent=39644"}],"wp:term":[{"taxonomy":"category","embeddable":true,"href":"https:\/\/zonaroja.com.mx\/index.php?rest_route=%2Fwp%2Fv2%2Fcategories&post=39644"},{"taxonomy":"post_tag","embeddable":true,"href":"https:\/\/zonaroja.com.mx\/index.php?rest_route=%2Fwp%2Fv2%2Ftags&post=39644"}],"curies":[{"name":"wp","href":"https:\/\/api.w.org\/{rel}","templated":true}]}}