{"id":39647,"date":"2022-04-05T22:28:08","date_gmt":"2022-04-06T03:28:08","guid":{"rendered":"http:\/\/www.zonaroja.com.mx\/?p=39647"},"modified":"2022-04-05T22:28:10","modified_gmt":"2022-04-06T03:28:10","slug":"tras-dos-anos-suspendida-por-covid-regresa-la-guelaguetza","status":"publish","type":"post","link":"https:\/\/zonaroja.com.mx\/?p=39647","title":{"rendered":"Tras dos a\u00f1os suspendida por Covid, regresa la Guelaguetza"},"content":{"rendered":"\n<p>Redacci\u00f3n\/Zona Roja.<\/p>\n\n\n\n<p>Oaxaca de Ju\u00e1rez, Oax. 5 de abril de 2022.- Luego de haberse suspendido durante dos a\u00f1os por la pandemia de Covid-19, regresa la presentaci\u00f3n de la Guelaguetza en Oaxaca.<\/p>\n\n\n\n<p>Este a\u00f1o, en que la fiesta folcl\u00f3rica cumple 90 a\u00f1os, se efectuar\u00e1n los d\u00edas 25 de julio y 1 de agosto, en sus cuatro presentaciones, dos por jornada, en el auditorio del cerro del Fort\u00edn.<\/p>\n\n\n\n<p>El Gobierno del Estado garantiz\u00f3 que se respetar\u00e1n las medidas de higiene que estipulan los protocolos del sello Safe Travels otorgado por el Consejo Mundial de Viajes y Turismo.&nbsp;<\/p>\n\n\n\n<p>Asimismo, se vigilar\u00e1n las medidas de higiene en las actividades de los d\u00edas 8, 9, 15 y 16 de julio cuando tendr\u00e1n lugar los esperados Convites de Guelaguetza, que recorrer\u00e1n las principales calles del Centro Hist\u00f3rico, y los d\u00edas 23 y 30 de julio, con el Desfile Oficial de Delegaciones, en la v\u00edspera de los Lunes del Cerro.<\/p>\n\n\n\n<p>La presentaci\u00f3n se realiz\u00f3 hoy y fue encabezada por el gobernador Alejandro Murat Hinojosa, quien dijo que su se basa en el respeto a la dignidad de cada oaxaque\u00f1a y cada oaxaque\u00f1o.&nbsp;<\/p>\n\n\n\n<p>\u201cAqu\u00ed, cuando se agota el di\u00e1logo, lo que sigue es m\u00e1s di\u00e1logo. Es un modelo que respeta y promueve la diversidad personal, colectiva y cultural, todo eso que estamos invitados a celebrar y a compartir con el mundo en nuestra Guelaguetza\u201d.<\/p>\n\n\n\n<p>De acuerdo con la Secretar\u00eda de Turismo, tan solo en la ciudad de Oaxaca de Ju\u00e1rez se estima captar alrededor de 460 millones de pesos con una ocupaci\u00f3n hotelera arriba del 94%, pr\u00e1cticamente el doble que en el 2016, antes del inicio de esta administraci\u00f3n.<\/p>\n\n\n\n<p>La Secretar\u00eda de Econom\u00eda dio a conocer que la Feria del Mezcal 2022 se realizar\u00e1 del 22 de julio al 3 de agosto, en el Centro Cultural y de Convenciones con la participaci\u00f3n de 125 empresas locales.<\/p>\n\n\n\n<p>Este a\u00f1o, dijo, se espera que la Feria del Mezcal obtenga una derrama econ\u00f3mica por m\u00e1s de 20 millones de pesos para las diferentes empresas mezcaleras, agroindustriales, del sector artesanal y gastron\u00f3mico de Oaxaca a lo largo de 13 d\u00edas en los que se espera recibir alrededor de 130 mil asistentes, es decir, 30 mil visitantes m\u00e1s que en la \u00faltima edici\u00f3n, realizada en 2019.<\/p>\n\n\n\n<p>Por su parte, la Secretar\u00eda de Cultural expuso que ha preparado una serie extraordinaria de actividades que iniciar\u00e1n el 11 de julio y durar\u00e1n hasta el mi\u00e9rcoles 3 de agosto, contando con poco m\u00e1s de 80 presentaciones art\u00edsticas y culturales para celebrar y difundir la riqueza de nuestro estado y la maravillosa diversidad de las ocho regiones.&nbsp;<\/p>\n\n\n\n<p>Detall\u00f3 que se llevar\u00e1n a cabo presentaciones danc\u00edsticas, musicales, conversatorios, conciertos, presentaciones de libros y exposiciones.<\/p>\n","protected":false},"excerpt":{"rendered":"<p>Redacci\u00f3n\/Zona Roja. Oaxaca de Ju\u00e1rez, Oax. 5 de abril de 2022.- Luego de haberse suspendido&hellip;<\/p>\n","protected":false},"author":2,"featured_media":39637,"comment_status":"closed","ping_status":"open","sticky":false,"template":"","format":"standard","meta":{"_lmt_disableupdate":"","_lmt_disable":"","_jetpack_memberships_contains_paid_content":false,"footnotes":""},"categories":[109,46],"tags":[2787],"class_list":["post-39647","post","type-post","status-publish","format-standard","has-post-thumbnail","hentry","category-minuto-a-minuto","category-zona-blanca","tag-guelaguetza-oaxaca"],"jetpack_featured_media_url":"https:\/\/zonaroja.com.mx\/wp-content\/uploads\/2022\/04\/Presentacion-Guelaguetza.jpg","jetpack_sharing_enabled":true,"_links":{"self":[{"href":"https:\/\/zonaroja.com.mx\/index.php?rest_route=\/wp\/v2\/posts\/39647","targetHints":{"allow":["GET"]}}],"collection":[{"href":"https:\/\/zonaroja.com.mx\/index.php?rest_route=\/wp\/v2\/posts"}],"about":[{"href":"https:\/\/zonaroja.com.mx\/index.php?rest_route=\/wp\/v2\/types\/post"}],"author":[{"embeddable":true,"href":"https:\/\/zonaroja.com.mx\/index.php?rest_route=\/wp\/v2\/users\/2"}],"replies":[{"embeddable":true,"href":"https:\/\/zonaroja.com.mx\/index.php?rest_route=%2Fwp%2Fv2%2Fcomments&post=39647"}],"version-history":[{"count":1,"href":"https:\/\/zonaroja.com.mx\/index.php?rest_route=\/wp\/v2\/posts\/39647\/revisions"}],"predecessor-version":[{"id":39648,"href":"https:\/\/zonaroja.com.mx\/index.php?rest_route=\/wp\/v2\/posts\/39647\/revisions\/39648"}],"wp:featuredmedia":[{"embeddable":true,"href":"https:\/\/zonaroja.com.mx\/index.php?rest_route=\/wp\/v2\/media\/39637"}],"wp:attachment":[{"href":"https:\/\/zonaroja.com.mx\/index.php?rest_route=%2Fwp%2Fv2%2Fmedia&parent=39647"}],"wp:term":[{"taxonomy":"category","embeddable":true,"href":"https:\/\/zonaroja.com.mx\/index.php?rest_route=%2Fwp%2Fv2%2Fcategories&post=39647"},{"taxonomy":"post_tag","embeddable":true,"href":"https:\/\/zonaroja.com.mx\/index.php?rest_route=%2Fwp%2Fv2%2Ftags&post=39647"}],"curies":[{"name":"wp","href":"https:\/\/api.w.org\/{rel}","templated":true}]}}