{"id":39649,"date":"2022-04-06T07:21:53","date_gmt":"2022-04-06T12:21:53","guid":{"rendered":"http:\/\/www.zonaroja.com.mx\/?p=39649"},"modified":"2022-04-06T07:21:55","modified_gmt":"2022-04-06T12:21:55","slug":"disertan-sobre-desafios-de-la-justicia-en-centenario-de-constitucion-local","status":"publish","type":"post","link":"https:\/\/zonaroja.com.mx\/?p=39649","title":{"rendered":"Disertan sobre desaf\u00edos de la justicia en Centenario de Constituci\u00f3n local"},"content":{"rendered":"\n<p>Redacci\u00f3n\/Zona Roja.<\/p>\n\n\n\n<p>Oaxaca de Ju\u00e1rez, Oax., 6 de abril de 2022.- Al impartir la conferencia magistral&nbsp;\u00bfPor qu\u00e9 una Sala Constitucional en Oaxaca?,&nbsp;a&nbsp;invitaci\u00f3n del Poder Judicial del Estado, el&nbsp;destacado&nbsp;jurista&nbsp;C\u00e9sar Iv\u00e1n Astudillo Reyes&nbsp;se\u00f1al\u00f3&nbsp;que Oaxaca&nbsp;marc\u00f3 la ruta y&nbsp;se anticip\u00f3 a reformas constitucionales&nbsp;a nivel nacional,&nbsp;como el reconocimiento de los derechos de la ni\u00f1ez;&nbsp;de las personas y pueblos ind\u00edgenas; los derechos de participaci\u00f3n pol\u00edtica y&nbsp;la inconstitucionalidad, entre otros.&nbsp;<\/p>\n\n\n\n<p>En el marco de las actividades&nbsp;organizadas&nbsp;con motivo de la conmemoraci\u00f3n del Centenario de la Constituci\u00f3n Pol\u00edtica del Estado Libre y Soberano de Oaxaca, en el auditorio&nbsp;de la sede del Tribunal Superior de Justicia, en Reyes Mantec\u00f3n, el especialista present\u00f3&nbsp;una visi\u00f3n de&nbsp;diferentes&nbsp;elementos que justifican la existencia de mecanismos de control constitucional en las entidades federativas y la forma en que est\u00e1n dise\u00f1ados en&nbsp;particular en Oaxaca, como garantes de los derechos. &nbsp;<\/p>\n\n\n\n<p>Acompa\u00f1ado&nbsp;de las magistradas y magistrado que integran la Sala Constitucional y Cuarta Sala Penal del Tribunal Superior de Justicia del Estado,&nbsp;explic\u00f3&nbsp;que esta instancia&nbsp;desarrolla un papel fundamental en los equilibrios pol\u00edticos y en la tutela de los derechos establecidos en la Carta Magna, adem\u00e1s de que incentiva el di\u00e1logo judicial.&nbsp;<\/p>\n\n\n\n<p>En la conferencia, que reuni\u00f3 adem\u00e1s a integrantes de barras de abogados y acad\u00e9micos, el doctor&nbsp;Astudillo Reyes, resalt\u00f3 que el a\u00f1o 2000 fue el parteaguas para la instauraci\u00f3n de la justicia constitucional en las entidades del pa\u00eds y consider\u00f3 a estos mecanismos de control constitucional como aliados en la pacificaci\u00f3n de los conflictos.&nbsp;<\/p>\n\n\n\n<p>\u201cLos 32 poderes judiciales deben de dar pasos hacia adelante para fortalecer la confianza, que deriva de tener pleno conocimiento del alcance de los derechos humanos en todos los \u00e1mbitos del actuar jurisdiccional y las potestades de juezas y jueces para el control difuso, lo que implica estar interiorizados con la pr\u00e1ctica de los principios de interpretaci\u00f3n de los derechos. Empecemos a generar una narrativa distinta\u201d, puntualiz\u00f3 el destacado constitucionalista.<\/p>\n\n\n\n<p>Por su parte, al hacer entrega de un reconocimiento al ponente a nombre del Poder Judicial, el magistrado presidente Eduardo Pinacho S\u00e1nchez mencion\u00f3 que en una pluralidad de voces y pensamientos lo que predomina es la democracia y nos une la Constituci\u00f3n, en la cual se encuentran concentrados los valores, principios y garant\u00edas.&nbsp;<\/p>\n\n\n\n<p>El doctor&nbsp;C\u00e9sar Iv\u00e1n Astudillo Reyes&nbsp;es licenciado en Derecho por la Universidad Aut\u00f3noma de Chiapas, especialista en Derecho Constitucional y Ciencia Pol\u00edtica por el Centro de Estudios Pol\u00edticos y Constitucionales de Espa\u00f1a&nbsp;y&nbsp;doctor en Derecho, con menci\u00f3n europea por la Universidad Complutense de Madrid.<\/p>\n","protected":false},"excerpt":{"rendered":"<p>Redacci\u00f3n\/Zona Roja. Oaxaca de Ju\u00e1rez, Oax., 6 de abril de 2022.- Al impartir la conferencia&hellip;<\/p>\n","protected":false},"author":2,"featured_media":39650,"comment_status":"closed","ping_status":"open","sticky":false,"template":"","format":"standard","meta":{"_lmt_disableupdate":"","_lmt_disable":"","_jetpack_memberships_contains_paid_content":false,"footnotes":""},"categories":[109,46],"tags":[223],"class_list":["post-39649","post","type-post","status-publish","format-standard","has-post-thumbnail","hentry","category-minuto-a-minuto","category-zona-blanca","tag-poder-judicial-de-oaxaca"],"jetpack_featured_media_url":"https:\/\/zonaroja.com.mx\/wp-content\/uploads\/2022\/04\/Conferencia-poder-judicial.jpg","jetpack_sharing_enabled":true,"_links":{"self":[{"href":"https:\/\/zonaroja.com.mx\/index.php?rest_route=\/wp\/v2\/posts\/39649","targetHints":{"allow":["GET"]}}],"collection":[{"href":"https:\/\/zonaroja.com.mx\/index.php?rest_route=\/wp\/v2\/posts"}],"about":[{"href":"https:\/\/zonaroja.com.mx\/index.php?rest_route=\/wp\/v2\/types\/post"}],"author":[{"embeddable":true,"href":"https:\/\/zonaroja.com.mx\/index.php?rest_route=\/wp\/v2\/users\/2"}],"replies":[{"embeddable":true,"href":"https:\/\/zonaroja.com.mx\/index.php?rest_route=%2Fwp%2Fv2%2Fcomments&post=39649"}],"version-history":[{"count":1,"href":"https:\/\/zonaroja.com.mx\/index.php?rest_route=\/wp\/v2\/posts\/39649\/revisions"}],"predecessor-version":[{"id":39651,"href":"https:\/\/zonaroja.com.mx\/index.php?rest_route=\/wp\/v2\/posts\/39649\/revisions\/39651"}],"wp:featuredmedia":[{"embeddable":true,"href":"https:\/\/zonaroja.com.mx\/index.php?rest_route=\/wp\/v2\/media\/39650"}],"wp:attachment":[{"href":"https:\/\/zonaroja.com.mx\/index.php?rest_route=%2Fwp%2Fv2%2Fmedia&parent=39649"}],"wp:term":[{"taxonomy":"category","embeddable":true,"href":"https:\/\/zonaroja.com.mx\/index.php?rest_route=%2Fwp%2Fv2%2Fcategories&post=39649"},{"taxonomy":"post_tag","embeddable":true,"href":"https:\/\/zonaroja.com.mx\/index.php?rest_route=%2Fwp%2Fv2%2Ftags&post=39649"}],"curies":[{"name":"wp","href":"https:\/\/api.w.org\/{rel}","templated":true}]}}