{"id":39652,"date":"2022-04-06T09:22:00","date_gmt":"2022-04-06T14:22:00","guid":{"rendered":"http:\/\/www.zonaroja.com.mx\/?p=39652"},"modified":"2022-04-06T07:24:11","modified_gmt":"2022-04-06T12:24:11","slug":"opinion-el-fiscal-es-insostenible","status":"publish","type":"post","link":"https:\/\/zonaroja.com.mx\/?p=39652","title":{"rendered":"Opini\u00f3n. El fiscal es insostenible"},"content":{"rendered":"\n<p>N\u00e9stor Y. S\u00e1nchez Islas<\/p>\n\n\n\n<p>Despu\u00e9s de la vida es la libertad nuestro bien m\u00e1s&nbsp;preciado. Bueno, para los pol\u00edticos no.<\/p>\n\n\n\n<p>\u00bfSe justifica que el propio&nbsp;fiscal general&nbsp;de la&nbsp;Rep\u00fablica invente un delito y use todo el poder del Estado como instrumento de venganza personal?<\/p>\n\n\n\n<p>Lo acabamos de vivir. No se trata de una novela. Escuchamos los audios con el&nbsp;c\u00f3mplice&nbsp;di\u00e1logo entre&nbsp;\u00e9l y su hombre de confianza. Vimos en los noticiarios el veredicto de la Suprema Corte.&nbsp;Pero falta algo:&nbsp;el final feliz,&nbsp;la ca\u00edda de Alejandro&nbsp;Gertz&nbsp;Manero, de la fiscal de la CDMX, de un par de jueces y un magistrado.&nbsp;Su permanencia en esas instituciones es&nbsp;una burla.<\/p>\n\n\n\n<p>No se trata de la novela \u201cEl conde de Montecristo\u201d, o \u201cLos miserables\u201d o \u201cEl proceso\u201d de Franz Kafka, pero es el mismo caso: la fabricaci\u00f3n de un delito y el castigo&nbsp;inmerecido y&nbsp;desproporcionado.<\/p>\n\n\n\n<p>No se trata de la excepci\u00f3n, es la regla de la conducta de quienes llegan al poder, el uso del Estado en beneficio personal y, en M\u00e9xico, somos muchos los que hemos sido v\u00edctimas de esta clase de atentados contra&nbsp;nuestros&nbsp;derechos humanos; chicanas judiciales muy propias de los usos y costumbres de nuestro sistema.<\/p>\n\n\n\n<p>Para nuestro sistema de justicia somos \u201cnaturalmente\u201d culpables, nacimos con ese pecado original. Y&nbsp;nos lo recuerdan cada d\u00eda las detenciones arbitrarias y las desapariciones forzadas&nbsp;a manos de agentes del Estado; m\u00e1s bien, bajo las \u00f3rdenes de quienes manejan el Estado. En este pa\u00eds todos nacemos \u201cpresuntos culpables\u201d, todos somos una culpa que buscamos castigo; un mundo kafkiano.<\/p>\n\n\n\n<p>Somos famosos a nivel mundial por el tr\u00e1fico de drogas y de personas, pero no conocemos las dimensiones del tr\u00e1fico de la libertad a manos de quienes procuran y reparten justicia.&nbsp;Igual trafican con la libertad de&nbsp;p\u00e1jaros de cuello blanco como Emilio Lozoya que con criminales como Ovidio Guzm\u00e1n. La corrupci\u00f3n es pareja.<\/p>\n\n\n\n<p>El&nbsp;precio&nbsp;de&nbsp;nuestra&nbsp;libertad&nbsp;lo&nbsp;pagamos&nbsp;con la vida, con la dignidad, con el cuerpo, el alma y el esp\u00edritu&nbsp;y, por supuesto, con dinero cuando&nbsp;se puede.&nbsp;Esa&nbsp;necedad&nbsp;presidencial&nbsp;de&nbsp;que el Estado disponga&nbsp;de&nbsp;nosotros&nbsp;es el regreso a los&nbsp;a\u00f1os del autoritarismo&nbsp;y su modelo de justicia del siglo&nbsp;XX,&nbsp;con c\u00e1rceles llenas de procesados, pero&nbsp;jam\u00e1s sentenciados: nuestra&nbsp;vida&nbsp;en manos de cualquier&nbsp;agente del&nbsp;ministerio p\u00fablico.<\/p>\n\n\n\n<p>Autoritarismo y ejercicio arbitrario del poder. Ese es el signo distintivo del r\u00e9gimen actual.&nbsp;Para ellos somos solo un n\u00famero, una estad\u00edstica&nbsp;sin valor&nbsp;bajo una permanente agresi\u00f3n cultural, moral y material&nbsp;para quien se atreviese en el camino de alg\u00fan poderoso.<\/p>\n\n\n\n<p>Impensable que para quienes les preocupa tanto su lugar en la historia hayan creado, de la nada, un hecho hist\u00f3rico&nbsp;negro que los&nbsp;definir\u00e1&nbsp;de por vida. La biograf\u00eda del se\u00f1or&nbsp;Gertz&nbsp;ser\u00e1&nbsp;protagonizada por&nbsp;la invenci\u00f3n de figuras&nbsp;delictivas&nbsp;inexistentes, el plagio de&nbsp;textos de&nbsp;otros autores, su incre\u00edble riqueza y su absurda persecuci\u00f3n contra los cient\u00edficos mexicanos. Si algo bueno&nbsp;tuvo&nbsp;en su vida, todo se ha ido a la basura.<\/p>\n\n\n\n<p>En&nbsp;nuestro sistema&nbsp;el realismo m\u00e1gico y la ausencia de l\u00f3gica es la realidad kafkiana&nbsp;que vivimos todos los d\u00edas. A los delincuentes se les abraza, a los colaboradores cercanos&nbsp;se les tolera&nbsp;la corrupci\u00f3n evidenciada, a la familia se le alcahuetea&nbsp;el enriquecimiento repentino, pero a una persona normal se le exigen cuentas hasta por&nbsp;lo que compra en el s\u00faper.&nbsp;Pregunten a los del SAT.&nbsp;Nos quejamos y nos preguntamos en qu\u00e9 mundo viven&nbsp;los que nos gobiernan, pero no, tal vez los equivocados seamos nosotros.<\/p>\n\n\n\n<p>La fabricaci\u00f3n de delitos no es&nbsp;una pr\u00e1ctica&nbsp;nueva.Gracias a los pleitos internos de la c\u00fapula del poder&nbsp;y de la forma en que se esp\u00edan unos a otros&nbsp;nos&nbsp;dieron una probadita&nbsp;de sus miserias.&nbsp;No tuvo manera de negarlo, era su voz la de esa conversaci\u00f3n cavernaria exponiendo las complicidades que buscaba entre ministros de la corte.&nbsp;Eran sus amenazas contra otro cercano al presidente a quien le sentenci\u00f3 que ser\u00eda un fiscal enemigo por no interceder para evitar que se otorgara un amparo a la acusada.<\/p>\n\n\n\n<p>El caso de la familia pol\u00edtica del fiscal no es \u00fanico, debe haber ahora mismo en el anonimato miles de casos similares, pero con personajes de menor relevancia, aunque si de la misma gravedad: presos con pruebas falsificadas, inventadas y por \u00f3rdenes de alg\u00fan personaje influyente; los pol\u00edticos presos no cuentan.<\/p>\n\n\n\n<p>La falta de justicia es una pandemia sin cura. As\u00ed como la profunda desigualdad&nbsp;econ\u00f3mica&nbsp;es una de las principales caracter\u00edsticas de M\u00e9xico, lo es tambi\u00e9n&nbsp;la desigualdad jur\u00eddica. Al uso pol\u00edtico de la justicia hay que sumar el uso&nbsp;perverso&nbsp;que le dan quienes deber\u00edan se ejemplo de alta moral y estricta \u00e9tica.<\/p>\n\n\n\n<p>Con el fallo de la Suprema Corte de Justicia, el fiscal Alejandro&nbsp;Gertz, la fiscal de la CDMX&nbsp;Ernestina Godoy, la juez Marcela \u00c1ngeles Arrieta&nbsp;y el coordinador de la fiscal\u00eda de la CDMX Octavio Ceballos deben&nbsp;ser separados de sus cargos.&nbsp;Si hubiera justicia,&nbsp;deber\u00edan ser consignados.<\/p>\n\n\n\n<p>Twitter @nestoryuri<\/p>\n","protected":false},"excerpt":{"rendered":"<p>N\u00e9stor Y. S\u00e1nchez Islas Despu\u00e9s de la vida es la libertad nuestro bien m\u00e1s&nbsp;preciado. Bueno,&hellip;<\/p>\n","protected":false},"author":2,"featured_media":38550,"comment_status":"closed","ping_status":"open","sticky":false,"template":"","format":"standard","meta":{"_lmt_disableupdate":"","_lmt_disable":"","_jetpack_memberships_contains_paid_content":false,"footnotes":""},"categories":[456,109],"tags":[3050],"class_list":["post-39652","post","type-post","status-publish","format-standard","has-post-thumbnail","hentry","category-columna","category-minuto-a-minuto","tag-nestor-yuri-sanchez"],"jetpack_featured_media_url":"https:\/\/zonaroja.com.mx\/wp-content\/uploads\/2022\/03\/Alejandro-Gertz.jpg","jetpack_sharing_enabled":true,"_links":{"self":[{"href":"https:\/\/zonaroja.com.mx\/index.php?rest_route=\/wp\/v2\/posts\/39652","targetHints":{"allow":["GET"]}}],"collection":[{"href":"https:\/\/zonaroja.com.mx\/index.php?rest_route=\/wp\/v2\/posts"}],"about":[{"href":"https:\/\/zonaroja.com.mx\/index.php?rest_route=\/wp\/v2\/types\/post"}],"author":[{"embeddable":true,"href":"https:\/\/zonaroja.com.mx\/index.php?rest_route=\/wp\/v2\/users\/2"}],"replies":[{"embeddable":true,"href":"https:\/\/zonaroja.com.mx\/index.php?rest_route=%2Fwp%2Fv2%2Fcomments&post=39652"}],"version-history":[{"count":1,"href":"https:\/\/zonaroja.com.mx\/index.php?rest_route=\/wp\/v2\/posts\/39652\/revisions"}],"predecessor-version":[{"id":39653,"href":"https:\/\/zonaroja.com.mx\/index.php?rest_route=\/wp\/v2\/posts\/39652\/revisions\/39653"}],"wp:featuredmedia":[{"embeddable":true,"href":"https:\/\/zonaroja.com.mx\/index.php?rest_route=\/wp\/v2\/media\/38550"}],"wp:attachment":[{"href":"https:\/\/zonaroja.com.mx\/index.php?rest_route=%2Fwp%2Fv2%2Fmedia&parent=39652"}],"wp:term":[{"taxonomy":"category","embeddable":true,"href":"https:\/\/zonaroja.com.mx\/index.php?rest_route=%2Fwp%2Fv2%2Fcategories&post=39652"},{"taxonomy":"post_tag","embeddable":true,"href":"https:\/\/zonaroja.com.mx\/index.php?rest_route=%2Fwp%2Fv2%2Ftags&post=39652"}],"curies":[{"name":"wp","href":"https:\/\/api.w.org\/{rel}","templated":true}]}}