{"id":39659,"date":"2022-04-06T07:59:49","date_gmt":"2022-04-06T12:59:49","guid":{"rendered":"http:\/\/www.zonaroja.com.mx\/?p=39659"},"modified":"2022-04-06T11:03:03","modified_gmt":"2022-04-06T16:03:03","slug":"ofrece-salomon-jara-construir-modelo-de-desarrollo-donde-el-pueblo-mande","status":"publish","type":"post","link":"https:\/\/zonaroja.com.mx\/?p=39659","title":{"rendered":"Ofrece Salom\u00f3n Jara construir modelo de desarrollo donde el pueblo mande"},"content":{"rendered":"\n<p>Redacci\u00f3n\/Zona Roja.<\/p>\n\n\n\n<p>Oaxaca de Ju\u00e1rez, Oax., 6 de abril de 2022- Desde San Dionisio Ocotepec, el candidato a la gubernatura por la coalici\u00f3n Morena-PT-PVEM-PUP \u201cJuntos Hacemos Historia\u201d, Salom\u00f3n Jara Cruz, convoc\u00f3 a construir un nuevo modelo de desarrollo \u201cdonde el pueblo mande y el gobierno obedezca lo que el pueblo diga\u201d.<\/p>\n\n\n\n<p>Durante su tercer d\u00eda de campa\u00f1a, acompa\u00f1ado de ciudadanos, dirigentes sociales y referentes de Morena, Jara Cruz se\u00f1al\u00f3 que en Oaxaca hay una falta de atenci\u00f3n a los problemas sociales como la ausencia de inter\u00e9s por ayudar al pueblo, que se refleja en la falta de empleos, seguridad y servicios de salud.<\/p>\n\n\n\n<p>\u201cUn verdadero gobernador no tiene nada que hacer junto a su escritorio y debe caminar al lado de su pueblo. Un verdadero gobernador tiene que ir a las comunidades, acercarse con el pueblo, platicar y escucharlo\u201d y asegur\u00f3 que trabajar\u00e1 el doble de tiempo para revertir el rezago social y econ\u00f3mico en Oaxaca.<\/p>\n\n\n\n<p>Antes, en Santa Catarina Minas, el candidato a la gubernatura, sostuvo que Oaxaca tendr\u00e1 un \u201cgobierno itinerante\u201d que despache los asuntos p\u00fablicos desde las comunidades y no desde las oficinas.<\/p>\n\n\n\n<p>\u201cSe acabar\u00e1 la penosa realidad de tener un gobierno rico frente a un pueblo pobre\u201d, se acabar\u00e1n \u201clos programas de escritorio por los recorridos a pie para palpar la realidad social que lastima y buscar juntos las soluciones\u201d, dijo.<\/p>\n\n\n\n<p>Por la tarde de ayer, Jara Cruz continu\u00f3 su recorrido por San Pedro Totolapan y Soledad Salinas para concluir esta noche su visita de trabajo en El Camar\u00f3n. <\/p>\n","protected":false},"excerpt":{"rendered":"<p>Redacci\u00f3n\/Zona Roja. Oaxaca de Ju\u00e1rez, Oax., 6 de abril de 2022- Desde San Dionisio Ocotepec,&hellip;<\/p>\n","protected":false},"author":2,"featured_media":39668,"comment_status":"closed","ping_status":"open","sticky":false,"template":"","format":"standard","meta":{"_lmt_disableupdate":"","_lmt_disable":"","_jetpack_memberships_contains_paid_content":false,"footnotes":""},"categories":[1],"tags":[939],"class_list":["post-39659","post","type-post","status-publish","format-standard","has-post-thumbnail","hentry","category-sin-categoria","tag-salomon-jara-cruz"],"jetpack_featured_media_url":"https:\/\/zonaroja.com.mx\/wp-content\/uploads\/2022\/04\/1f09d53b-40f3-4348-993e-afc433a0eeb2.jpg","jetpack_sharing_enabled":true,"_links":{"self":[{"href":"https:\/\/zonaroja.com.mx\/index.php?rest_route=\/wp\/v2\/posts\/39659","targetHints":{"allow":["GET"]}}],"collection":[{"href":"https:\/\/zonaroja.com.mx\/index.php?rest_route=\/wp\/v2\/posts"}],"about":[{"href":"https:\/\/zonaroja.com.mx\/index.php?rest_route=\/wp\/v2\/types\/post"}],"author":[{"embeddable":true,"href":"https:\/\/zonaroja.com.mx\/index.php?rest_route=\/wp\/v2\/users\/2"}],"replies":[{"embeddable":true,"href":"https:\/\/zonaroja.com.mx\/index.php?rest_route=%2Fwp%2Fv2%2Fcomments&post=39659"}],"version-history":[{"count":2,"href":"https:\/\/zonaroja.com.mx\/index.php?rest_route=\/wp\/v2\/posts\/39659\/revisions"}],"predecessor-version":[{"id":39662,"href":"https:\/\/zonaroja.com.mx\/index.php?rest_route=\/wp\/v2\/posts\/39659\/revisions\/39662"}],"wp:featuredmedia":[{"embeddable":true,"href":"https:\/\/zonaroja.com.mx\/index.php?rest_route=\/wp\/v2\/media\/39668"}],"wp:attachment":[{"href":"https:\/\/zonaroja.com.mx\/index.php?rest_route=%2Fwp%2Fv2%2Fmedia&parent=39659"}],"wp:term":[{"taxonomy":"category","embeddable":true,"href":"https:\/\/zonaroja.com.mx\/index.php?rest_route=%2Fwp%2Fv2%2Fcategories&post=39659"},{"taxonomy":"post_tag","embeddable":true,"href":"https:\/\/zonaroja.com.mx\/index.php?rest_route=%2Fwp%2Fv2%2Ftags&post=39659"}],"curies":[{"name":"wp","href":"https:\/\/api.w.org\/{rel}","templated":true}]}}