{"id":3966,"date":"2019-09-14T16:32:11","date_gmt":"2019-09-14T21:32:11","guid":{"rendered":"https:\/\/www.zonaroja.com.mx\/?p=3966"},"modified":"2019-09-14T16:32:12","modified_gmt":"2019-09-14T21:32:12","slug":"embarazo-infantil-resultado-de-la-violencia-sexual-contra-ninas-en-mexico","status":"publish","type":"post","link":"https:\/\/zonaroja.com.mx\/?p=3966","title":{"rendered":"Embarazo infantil, resultado de la violencia sexual contra ni\u00f1as en M\u00e9xico"},"content":{"rendered":"\n<p>Evlin Arag\u00f3n\/Zona Roja. <\/p>\n\n\n\n<p>Oaxaca de Ju\u00e1rez, Oax., 14 de septiembre de 2019.- M\u00e9xico ocupa el primer lugar en embarazo infantil, situaci\u00f3n que es grave toda vez que este deriva en la mayor\u00eda de las veces de abusos y violencia sexual en contra de las ni\u00f1as y adolescentes, tal y como lo refieren los monitoreos en los medios de comunicaci\u00f3n, incluidos los de la entidad oaxaque\u00f1a.<\/p>\n\n\n\n<p>As\u00ed lo dio a conocer Julia Escalante De Haro, coordinadora regional de Comit\u00e9 de Am\u00e9rica Latina y el Caribe para la Defensa de los Derechos de las Mujeres (CLADEM), en el marco del anuncio la realizaci\u00f3n de la tercera edici\u00f3n del diplomado \u201cEmbarazo y maternidad infantil en Am\u00e9rica Latina y el Caribe\u201d en coordinaci\u00f3n con la Universidad Aut\u00f3noma \u201cBenito Ju\u00e1rez\u201d de Oaxaca, a trav\u00e9s de la Direcci\u00f3n de Equidad y G\u00e9nero.<\/p>\n\n\n\n<p>En este sentido explic\u00f3 que los principales agresores de las ni\u00f1as se ubican en el primer entorno, siendo los t\u00edos, padrastros, padres, primos y abuelos quienes m\u00e1s abusos de car\u00e1cter sexual cometen en contra de ni\u00f1as, lo cual es respaldado por la Encuesta Nacional sobre la Din\u00e1mica de las Relaciones en los Hogares&nbsp;del INEGI, que asegura que una de cada tres de violencia sexual en general el agresor esta al interior de la familia.<\/p>\n\n\n\n<p>\u201cEs preocupante que sea el entorno familiar el que coloca a las ni\u00f1as en una situaci\u00f3n de violencia, de ah\u00ed la importancia de promover la educaci\u00f3n sexual integral desde nivel preescolar, ya que en promedio la primera agresi\u00f3n sexual que sufren las ni\u00f1as es a los siete a\u00f1os\u201d, dijo.<\/p>\n\n\n\n<p>La activista detall\u00f3 que el deshonroso primer lugar que posee nuestro pa\u00eds en materia de embarazo infantil, se da a pesar de la falta de datos oficiales, debido a la ausencia de estad\u00edsticas de los casos que atiende el sector Salud, tal y como lo han comprobado las organizaciones sociales en defensa de los derechos de las ni\u00f1as y mujeres, quienes han solicitado dicha informaci\u00f3n sin \u00e9xito alguno.<\/p>\n\n\n\n<p>\u201cLas cifras son alarmantes, particularmente porque se trata de casos que mayormente son resultado del ejercicio de la violencia sexual en contra de ni\u00f1as menores de 12 a\u00f1os, que no pueden si quiera dar el consenso que muchas veces aseguran tener sus agresores\u201d, dijo.<\/p>\n\n\n\n<p>Explic\u00f3 que el embarazo infantil no s\u00f3lo es preocupante en la entidad, sino tambi\u00e9n la falta de cumplimiento de la Norma 046 que garantiza la interrupci\u00f3n legal de este cuando es resultado de una violaci\u00f3n, por lo que realizan acciones de concientizaci\u00f3n sobre la problem\u00e1tica y sensibilizaci\u00f3n a las autoridades educativas, de salud y procuraci\u00f3n de justicia para una mejor detenci\u00f3n y atenci\u00f3n de casos.   <\/p>\n\n\n\n<p>\u201cLa sociedad civil esta impulsado que se ponga mayor atenci\u00f3n en este fen\u00f3meno, a fin de que las autoridades atiendan los casos, sin desestimar los dichos de las afectadas, ya que debido a su corta edad muchas veces no se toman en serio sus declaraciones y se minimizan\u201d, concluy\u00f3.<br class=\"Apple-interchange-newline\" \/><\/p>\n\n\n\n<p><\/p>\n","protected":false},"excerpt":{"rendered":"<p>Evlin Arag\u00f3n\/Zona Roja. Oaxaca de Ju\u00e1rez, Oax., 14 de septiembre de 2019.- M\u00e9xico ocupa el&hellip;<\/p>\n","protected":false},"author":2,"featured_media":3965,"comment_status":"closed","ping_status":"open","sticky":false,"template":"","format":"standard","meta":{"_lmt_disableupdate":"","_lmt_disable":"","_jetpack_memberships_contains_paid_content":false,"footnotes":""},"categories":[1],"tags":[],"class_list":["post-3966","post","type-post","status-publish","format-standard","has-post-thumbnail","hentry","category-sin-categoria"],"jetpack_featured_media_url":"https:\/\/zonaroja.com.mx\/wp-content\/uploads\/2019\/09\/img_7794.jpg","jetpack_sharing_enabled":true,"_links":{"self":[{"href":"https:\/\/zonaroja.com.mx\/index.php?rest_route=\/wp\/v2\/posts\/3966","targetHints":{"allow":["GET"]}}],"collection":[{"href":"https:\/\/zonaroja.com.mx\/index.php?rest_route=\/wp\/v2\/posts"}],"about":[{"href":"https:\/\/zonaroja.com.mx\/index.php?rest_route=\/wp\/v2\/types\/post"}],"author":[{"embeddable":true,"href":"https:\/\/zonaroja.com.mx\/index.php?rest_route=\/wp\/v2\/users\/2"}],"replies":[{"embeddable":true,"href":"https:\/\/zonaroja.com.mx\/index.php?rest_route=%2Fwp%2Fv2%2Fcomments&post=3966"}],"version-history":[{"count":1,"href":"https:\/\/zonaroja.com.mx\/index.php?rest_route=\/wp\/v2\/posts\/3966\/revisions"}],"predecessor-version":[{"id":3967,"href":"https:\/\/zonaroja.com.mx\/index.php?rest_route=\/wp\/v2\/posts\/3966\/revisions\/3967"}],"wp:featuredmedia":[{"embeddable":true,"href":"https:\/\/zonaroja.com.mx\/index.php?rest_route=\/wp\/v2\/media\/3965"}],"wp:attachment":[{"href":"https:\/\/zonaroja.com.mx\/index.php?rest_route=%2Fwp%2Fv2%2Fmedia&parent=3966"}],"wp:term":[{"taxonomy":"category","embeddable":true,"href":"https:\/\/zonaroja.com.mx\/index.php?rest_route=%2Fwp%2Fv2%2Fcategories&post=3966"},{"taxonomy":"post_tag","embeddable":true,"href":"https:\/\/zonaroja.com.mx\/index.php?rest_route=%2Fwp%2Fv2%2Ftags&post=3966"}],"curies":[{"name":"wp","href":"https:\/\/api.w.org\/{rel}","templated":true}]}}